{"id":25013,"date":"2010-10-19T14:02:35","date_gmt":"2010-10-19T14:02:35","guid":{"rendered":"https:\/\/obscom.intervozes.org.br\/wordpress\/?p=25013"},"modified":"2010-10-19T14:02:35","modified_gmt":"2010-10-19T14:02:35","slug":"minicom-comeca-a-identificar-estruturas-criticas-da-radiodifusao","status":"publish","type":"post","link":"https:\/\/obscom.intervozes.org.br\/?p=25013","title":{"rendered":"Minicom come\u00e7a a identificar estruturas cr\u00edticas da radiodifus\u00e3o"},"content":{"rendered":"<p><span class=\"padrao\">Com o objetivo de mapear toda a infraestrutura da radiodifus&atilde;o brasileira e estabelecer medidas de seguran&ccedil;a, o Minist&eacute;rio das Comunica&ccedil;&otilde;es est&aacute; realizando um levantamento para identificar os pontos cr&iacute;ticos do setor. O projeto vai subsidiar o Plano Setorial de Infraestruturas Cr&iacute;ticas do Governo Federal, que visa proteger setores estrat&eacute;gicos do pa&iacute;s como energia, transporte, &aacute;gua, finan&ccedil;as e telecomunica&ccedil;&otilde;es.<\/span><\/p>\n<p>&nbsp;<\/p>\n<p><span class=\"padrao\">Para realizar o trabalho, uma equipe formada por representantes do Minist&eacute;rio das Comunica&ccedil;&otilde;es e do Gabinete de Seguran&ccedil;a Institucional (GSI) da Presid&ecirc;ncia da Rep&uacute;blica vem realizando visitas &agrave;s emissoras, para conhecer toda a infraestrutura e as medidas de seguran&ccedil;a j&aacute; adotadas pelas empresas.<\/span><\/p>\n<p>&nbsp;<\/p>\n<p><span class=\"padrao\">Entre os dias 20 e 21, o grupo visitar&aacute; esta&ccedil;&otilde;es de r&aacute;dio e TV de Porto Alegre. Durante as visitas, o projeto ser&aacute; apresentado &agrave;s emissoras. A equipe j&aacute; esteve em outras esta&ccedil;&otilde;es das regi&otilde;es Sudeste e Sul. Inicialmente, esse trabalho est&aacute; sendo feito junto &agrave;s emissoras de grande porte. Em uma segunda fase, o estudo dever&aacute; abranger outras esta&ccedil;&otilde;es.<\/span><\/p>\n<p>&nbsp;<\/p>\n<p><span class=\"padrao\">A diretora do Departamento de Acompanhamento e Avalia&ccedil;&atilde;o de Servi&ccedil;os de Comunica&ccedil;&atilde;o Eletr&ocirc;nica do MC, Edin&eacute;ia Pereira da Costa, explica que s&atilde;o considerados pontos cr&iacute;ticos as instala&ccedil;&otilde;es, servi&ccedil;os e bens que, se forem interrompidos ou destru&iacute;dos, provocar&atilde;o grande impacto social, econ&ocirc;mico, pol&iacute;tico, internacional ou &agrave; seguran&ccedil;a &ndash; e que, portanto, devem ser protegidos.<\/span><\/p>\n<p>&nbsp;<\/p>\n<p><span class=\"padrao\">O minist&eacute;rio dever&aacute; contratar em breve uma consultoria para ajudar na realiza&ccedil;&atilde;o desse trabalho minucioso. Al&eacute;m disso, o diagn&oacute;stico do setor de radiodifus&atilde;o conta com o apoio dos radiodifusores que, por meio da Associa&ccedil;&atilde;o Brasileira de Emissoras de R&aacute;dio e Televis&atilde;o (Abert) e da Associa&ccedil;&atilde;o Brasileira de Radiodifusores (ABRA), definir&atilde;o o que deve ou n&atilde;o ser considerado fator de amea&ccedil;a &agrave;s redes do setor.<\/span><\/p>\n<p>&nbsp;<\/p>\n<p><span class=\"padrao\">Em 29 de setembro, a Abert apresentou um documento preliminar, com os principais fatores de risco apontados pelas emissoras. Dentre eles est&atilde;o vandalismo, interfer&ecirc;ncia no sinal de transmiss&atilde;o devido ao funcionamento de r&aacute;dios piratas e cat&aacute;strofes naturais, a exemplo de inunda&ccedil;&otilde;es e incid&ecirc;ncias de raios.<\/span><\/p>\n<p>&nbsp;<\/p>\n<p><span class=\"padrao\">O Plano Nacional de Infraestruturas Cr&iacute;ticas (PNISEC) ser&aacute; utilizado tanto para evitar problemas em situa&ccedil;&otilde;es emergenciais quanto para garantir a realiza&ccedil;&atilde;o de eventos de grande porte no Brasil, como a Copa do Mundo de 2014 e as Olimp&iacute;adas de 2016. A primeira vers&atilde;o do plano ser&aacute; apresentada at&eacute; o fim deste ano.<\/span><\/p>\n<p>&nbsp;<\/p>\n<p><span class=\"padrao\">Os planos de prote&ccedil;&atilde;o de infraestruturas cr&iacute;ticas come&ccedil;aram a ser aplicados por v&aacute;rios pa&iacute;ses a partir dos atentados terroristas de 2001 nos Estados Unidos e de 2003, na Espanha. Vale destacar que os sistemas de comunica&ccedil;&otilde;es possuem car&aacute;ter estrat&eacute;gico para qualquer pa&iacute;s, j&aacute; que desempenham papel importante na seguran&ccedil;a e ajudam na integra&ccedil;&atilde;o cultural e no desenvolvimento econ&ocirc;mico.<\/span><\/p>\n<p>&nbsp;<\/p>\n<p>&nbsp;<\/p>\n","protected":false},"excerpt":{"rendered":"<p>Com o objetivo de mapear toda a infraestrutura da radiodifus&atilde;o brasileira e estabelecer medidas de seguran&ccedil;a, o Minist&eacute;rio das Comunica&ccedil;&otilde;es est&aacute; realizando um levantamento para identificar os pontos cr&iacute;ticos do setor. O projeto vai subsidiar o Plano Setorial de Infraestruturas Cr&iacute;ticas do Governo Federal, que visa proteger setores estrat&eacute;gicos do pa&iacute;s como energia, transporte, &aacute;gua, &hellip; <a href=\"https:\/\/obscom.intervozes.org.br\/?p=25013\" class=\"more-link\">Continue lendo <span class=\"screen-reader-text\">Minicom come\u00e7a a identificar estruturas cr\u00edticas da radiodifus\u00e3o<\/span> <span class=\"meta-nav\">&rarr;<\/span><\/a><\/p>\n","protected":false},"author":1,"featured_media":0,"comment_status":"open","ping_status":"open","sticky":false,"template":"","format":"standard","meta":{"footnotes":""},"categories":[40],"tags":[1427],"_links":{"self":[{"href":"https:\/\/obscom.intervozes.org.br\/index.php?rest_route=\/wp\/v2\/posts\/25013"}],"collection":[{"href":"https:\/\/obscom.intervozes.org.br\/index.php?rest_route=\/wp\/v2\/posts"}],"about":[{"href":"https:\/\/obscom.intervozes.org.br\/index.php?rest_route=\/wp\/v2\/types\/post"}],"author":[{"embeddable":true,"href":"https:\/\/obscom.intervozes.org.br\/index.php?rest_route=\/wp\/v2\/users\/1"}],"replies":[{"embeddable":true,"href":"https:\/\/obscom.intervozes.org.br\/index.php?rest_route=%2Fwp%2Fv2%2Fcomments&post=25013"}],"version-history":[{"count":0,"href":"https:\/\/obscom.intervozes.org.br\/index.php?rest_route=\/wp\/v2\/posts\/25013\/revisions"}],"wp:attachment":[{"href":"https:\/\/obscom.intervozes.org.br\/index.php?rest_route=%2Fwp%2Fv2%2Fmedia&parent=25013"}],"wp:term":[{"taxonomy":"category","embeddable":true,"href":"https:\/\/obscom.intervozes.org.br\/index.php?rest_route=%2Fwp%2Fv2%2Fcategories&post=25013"},{"taxonomy":"post_tag","embeddable":true,"href":"https:\/\/obscom.intervozes.org.br\/index.php?rest_route=%2Fwp%2Fv2%2Ftags&post=25013"}],"curies":[{"name":"wp","href":"https:\/\/api.w.org\/{rel}","templated":true}]}}