{"id":25011,"date":"2010-10-19T07:55:22","date_gmt":"2010-10-19T07:55:22","guid":{"rendered":"https:\/\/obscom.intervozes.org.br\/wordpress\/?p=25011"},"modified":"2010-10-19T07:55:22","modified_gmt":"2010-10-19T07:55:22","slug":"tse-suspende-distribuicao-de-publicacao-da-cut","status":"publish","type":"post","link":"https:\/\/obscom.intervozes.org.br\/?p=25011","title":{"rendered":"TSE suspende distribui\u00e7\u00e3o de publica\u00e7\u00e3o da CUT"},"content":{"rendered":"<p class=\"padrao\"><em>[T&iacute;tulo original: Suspensa distribui&ccedil;&atilde;o de impresso feito pela CUT em favor de Dilma ]<\/em><\/p>\n<p>&nbsp;<\/p>\n<p class=\"padrao\">O ministro Joelson Dias deferiu em parte o pedido de medida liminar apresentado ao Tribunal Superior Eleitoral (TSE) pela coliga&ccedil;&atilde;o &ldquo;O Brasil pode mais&rdquo; contra Dilma Rousseff, a coliga&ccedil;&atilde;o &ldquo;Para o Brasil seguir mudando&rdquo;, a Editora Gr&aacute;fica Atitude Ltda., a Central &Uacute;nica dos Trabalhadores (CUT) e seu presidente, Artur Henrique da Silva Santos.<\/p>\n<p>&nbsp;<\/p>\n<p>&nbsp;<\/p>\n<p class=\"padrao\">Em s&iacute;ntese, a coliga&ccedil;&atilde;o &ldquo;O Brasil pode mais&rdquo;, que apoia a candidatura de Jos&eacute; Serra, afirmava, que a CUT e outras entidades sindicais estariam patrocinando a produ&ccedil;&atilde;o de &quot;farto material&quot; impresso para promo&ccedil;&atilde;o de Dilma Rousseff. Sustentava que as representadas tamb&eacute;m estariam fazendo campanha, na internet, em favor da candidata.<\/p>\n<p>&nbsp;<\/p>\n<p class=\"padrao\">Liminar<\/p>\n<p>&nbsp;<\/p>\n<p class=\"padrao\">O pedido foi deferido, em parte, pelo ministro Joelson Dias, relator do processo. Segundo ele, o TSE tem precedentes no sentido de que a regra do artigo 24, inciso VI, da Lei 9504\/97, disp&otilde;e que os sindicatos n&atilde;o podem contribuir direta ou indiretamente para a campanha de um candidato ou de um partido.<\/p>\n<p>&nbsp;<\/p>\n<p class=\"padrao\">&ldquo;No caso espec&iacute;fico dos autos, a representante noticia e traz elementos que demonstram a divulga&ccedil;&atilde;o, por entidade sindical, ou criada por sindicatos, de mensagens de conte&uacute;do aparentemente eleitoral, em publica&ccedil;&otilde;es que distribuem e tamb&eacute;m em seus s&iacute;tios na Internet, o que, ao menos em tese, configuraria viola&ccedil;&atilde;o ao inciso VI do art. 24 da Lei n&ordm; 9.504\/97&rdquo;, ressaltou o relator.<\/p>\n<p>&nbsp;<\/p>\n<p class=\"padrao\">Quanto &agrave;s mensagens de conte&uacute;do aparentemente eleitoral, o ministro Joelson Dias lembrou que o TSE, ao julgar a RP 138443, decidiu que a suspens&atilde;o da divulga&ccedil;&atilde;o de mat&eacute;rias que caracterizem ofensa ao direito somente pode ocorrer &quot;quando determinada com a precisa identifica&ccedil;&atilde;o de qual informa&ccedil;&atilde;o deve ser extirpada. Essa identifica&ccedil;&atilde;o deve constar precisamente da inicial e do pedido formulado pelo interessado&quot;.<\/p>\n<p>&nbsp;<\/p>\n<p class=\"padrao\">Deferimento<\/p>\n<p>&nbsp;<\/p>\n<p class=\"padrao\">O ministro determinou &agrave; Central &Uacute;nica dos Trabalhadores, que se abstenha de continuar distribuindo ou fazer distribuir o Jornal da CUT, ano 3, n&ordm; 28, setembro de 2010, bem como que suspenda a divulga&ccedil;&atilde;o da referida publica&ccedil;&atilde;o no seu s&iacute;tio na internet. Determinou, ainda, que a CUT suspenda a divulga&ccedil;&atilde;o em seu site da Revista do Brasil, edi&ccedil;&atilde;o n&ordm; 52, out\/2010, bem como das chamadas e textos das mensagens discriminadas nos autos.<\/p>\n<p>&nbsp;<\/p>\n<p class=\"padrao\">O relator tamb&eacute;m ordenou que a Editora Gr&aacute;fica Atitude Ltda. se abstenha de continuar distribuindo ou fazer distribuir a Revista do Brasil, edi&ccedil;&atilde;o n&ordm; 52, out\/2010, bem como que suspenda a divulga&ccedil;&atilde;o da referida publica&ccedil;&atilde;o na internet.<\/p>\n<p>&nbsp;<\/p>\n<p class=\"padrao\">Indeferimento<\/p>\n<p>&nbsp;<\/p>\n<p class=\"padrao\">Tendo em vista a data de publica&ccedil;&atilde;o do jornal e da revista, al&eacute;m do fato de que inclusive j&aacute; se encontram disponibilizados na internet, o ministro Joelson Dias considerou fragilizado o perigo na demora e, consequentemente, desnecess&aacute;ria a busca e apreens&atilde;o requerida. Por essa raz&atilde;o, a indeferiu.<\/p>\n<p>&nbsp;<\/p>\n<p class=\"padrao\">O relator tamb&eacute;m indeferiu o pedido de suspens&atilde;o do &quot;Blog do Artur Henrique&quot;. &ldquo;N&atilde;o obstante as alega&ccedil;&otilde;es da inicial, tenho, ao menos nesse ju&iacute;zo preliminar, que se trata de blog de pessoa natural e, portanto, autorizado pelo disposto no art. 57-B, IV, da Lei n&ordm; 9.504\/97&rdquo;, disse.<\/p>\n<p>&nbsp;<\/p>\n<p class=\"padrao\">Ainda foi negado pelo ministro o pedido de liminar para que a CUT e a editora apresentem os documentos referentes &agrave; contrata&ccedil;&atilde;o da produ&ccedil;&atilde;o das referidas publica&ccedil;&otilde;es e a empresa gr&aacute;fica onde foram confeccionados. Ao final, por aus&ecirc;ncia de previs&atilde;o legal e &ldquo;por n&atilde;o vislumbrar a utilidade da medida de busca e apreens&atilde;o reclamada&rdquo;, Joelson Dias indeferiu pedido de que o processo tramite em segredo de justi&ccedil;a, at&eacute; a conclus&atilde;o das dilig&ecirc;ncias. &ldquo;Em regra, os processos judiciais correm publicamente, salvo raras exce&ccedil;&otilde;es, como nas a&ccedil;&otilde;es de impugna&ccedil;&atilde;o de mandato eletivo, o que n&atilde;o &eacute; o caso&rdquo;, observou.<\/p>\n<p>&nbsp;<\/p>\n<p class=\"padrao\">Multas<\/p>\n<p>&nbsp;<\/p>\n<p class=\"padrao\">No m&eacute;rito, a coliga&ccedil;&atilde;o de Jos&eacute; Serra requer a imposi&ccedil;&atilde;o de multas previstas na Lei 9504\/97 (artigos 57-C, par&aacute;grafo 2&ordm;, e 57-E, par&aacute;grafo 2&ordm;), que variam de R$ 5mil a R$ 30 mil, bem como seja reconhecida a ilegalidade das publica&ccedil;&otilde;es.<\/p>\n","protected":false},"excerpt":{"rendered":"<p>[T&iacute;tulo original: Suspensa distribui&ccedil;&atilde;o de impresso feito pela CUT em favor de Dilma ] &nbsp; O ministro Joelson Dias deferiu em parte o pedido de medida liminar apresentado ao Tribunal Superior Eleitoral (TSE) pela coliga&ccedil;&atilde;o &ldquo;O Brasil pode mais&rdquo; contra Dilma Rousseff, a coliga&ccedil;&atilde;o &ldquo;Para o Brasil seguir mudando&rdquo;, a Editora Gr&aacute;fica Atitude Ltda., a &hellip; <a href=\"https:\/\/obscom.intervozes.org.br\/?p=25011\" class=\"more-link\">Continue lendo <span class=\"screen-reader-text\">TSE suspende distribui\u00e7\u00e3o de publica\u00e7\u00e3o da CUT<\/span> <span class=\"meta-nav\">&rarr;<\/span><\/a><\/p>\n","protected":false},"author":1,"featured_media":0,"comment_status":"open","ping_status":"open","sticky":false,"template":"","format":"standard","meta":{"footnotes":""},"categories":[40],"tags":[433],"_links":{"self":[{"href":"https:\/\/obscom.intervozes.org.br\/index.php?rest_route=\/wp\/v2\/posts\/25011"}],"collection":[{"href":"https:\/\/obscom.intervozes.org.br\/index.php?rest_route=\/wp\/v2\/posts"}],"about":[{"href":"https:\/\/obscom.intervozes.org.br\/index.php?rest_route=\/wp\/v2\/types\/post"}],"author":[{"embeddable":true,"href":"https:\/\/obscom.intervozes.org.br\/index.php?rest_route=\/wp\/v2\/users\/1"}],"replies":[{"embeddable":true,"href":"https:\/\/obscom.intervozes.org.br\/index.php?rest_route=%2Fwp%2Fv2%2Fcomments&post=25011"}],"version-history":[{"count":0,"href":"https:\/\/obscom.intervozes.org.br\/index.php?rest_route=\/wp\/v2\/posts\/25011\/revisions"}],"wp:attachment":[{"href":"https:\/\/obscom.intervozes.org.br\/index.php?rest_route=%2Fwp%2Fv2%2Fmedia&parent=25011"}],"wp:term":[{"taxonomy":"category","embeddable":true,"href":"https:\/\/obscom.intervozes.org.br\/index.php?rest_route=%2Fwp%2Fv2%2Fcategories&post=25011"},{"taxonomy":"post_tag","embeddable":true,"href":"https:\/\/obscom.intervozes.org.br\/index.php?rest_route=%2Fwp%2Fv2%2Ftags&post=25011"}],"curies":[{"name":"wp","href":"https:\/\/api.w.org\/{rel}","templated":true}]}}