{"id":25007,"date":"2010-10-18T09:14:18","date_gmt":"2010-10-18T09:14:18","guid":{"rendered":"https:\/\/obscom.intervozes.org.br\/wordpress\/?p=25007"},"modified":"2010-10-18T09:14:18","modified_gmt":"2010-10-18T09:14:18","slug":"comeca-a-semana-nacional-pela-democratizacao-da-comunicacao","status":"publish","type":"post","link":"https:\/\/obscom.intervozes.org.br\/?p=25007","title":{"rendered":"Come\u00e7a a Semana Nacional pela Democratiza\u00e7\u00e3o da Comunica\u00e7\u00e3o"},"content":{"rendered":"<p class=\"padrao\">O dia 17 de outubro &eacute; conhecido pelo dia que, em 1978, revogou a Emenda Constitucional n&ordm; 11 (AI-5), o dia que Madre Teresa foi indicada ao Pr&ecirc;mio Nobel da Paz em 79, e o dia que os restos de Che Guevara foram enterrados em Cuba, no ano de 1997. No Brasil, desde 2003, apesar de n&atilde;o estar escrito nas agendas, &eacute; o dia de luta pela democratiza&ccedil;&atilde;o da comunica&ccedil;&atilde;o. E como vem acontecendo desde ent&atilde;o ser&aacute; marcado por eventos organizados pelos movimentos sociais de comunica&ccedil;&atilde;o por todo o pa&iacute;s.<\/p>\n<p class=\"padrao\">&nbsp;<\/p>\n<p class=\"padrao\">&ldquo;Nos anos 90 a gente realizava estes eventos pela democratiza&ccedil;&atilde;o da comunica&ccedil;&atilde;o em setembro, por terem diversos dias que fazem refer&ecirc;ncia ao campo da comunica&ccedil;&atilde;o. Depois de determinado momento, quando teve um v&aacute;cuo de alguns anos nas mobiliza&ccedil;&otilde;es, elas come&ccedil;aram a ser feitas em outubro&rdquo;, conta Cl&aacute;udia de Abreu, do grupo ComunicAtivistas do Rio de Janeiro.<\/p>\n<p class=\"padrao\">&nbsp;<\/p>\n<p class=\"padrao\">A mobiliza&ccedil;&atilde;o em outubro come&ccedil;ou em uma articula&ccedil;&atilde;o da Executiva Nacional dos Estudantes de Comunica&ccedil;&atilde;o Social (Enecos), o Centro de M&iacute;dia Independente e o Intervozes. Segundo Ana Straube, &agrave; &eacute;poca militante da Enecos, que ajudou na organiza&ccedil;&atilde;o da primeira semana em 2003, em S&atilde;o Paulo exibiu o filme muito al&eacute;m do Cidad&atilde;o Kane na Avenida Paulista. Em 2004 montaram uma feira no Parque do Ibirapuera com v&aacute;rias entidades e uma semana de debates na Pontif&iacute;cia Universidade Cat&oacute;lica de S&atilde;o Paulo.<\/p>\n<p class=\"padrao\">&nbsp;<\/p>\n<p class=\"padrao\">Rog&eacute;rio Tomaz Jr. foi da coordena&ccedil;&atilde;o da Enecos de 2001 a 2003, ajuda a recuperar a hist&oacute;ria. As pautas relacionadas &agrave; democratiza&ccedil;&atilde;o da comunica&ccedil;&atilde;o ficaram paradas por cerca de tr&ecirc;s anos, devido a derrotas expressivas do setor, como a privatiza&ccedil;&atilde;o das teles e a lei do cabo. O pr&oacute;prio F&oacute;rum Nacional pela Democratiza&ccedil;&atilde;o da Comunica&ccedil;&atilde;o ficou alguns anos sem fazer plen&aacute;ria anual, s&oacute; retomando em novembro de 2001, pois nesse momento houve debate na C&acirc;mara sobre comunica&ccedil;&atilde;o.<\/p>\n<p class=\"padrao\">&nbsp;<\/p>\n<p class=\"padrao\">Em julho de 2002, a Enecos fez semin&aacute;rio em Bel&eacute;m, e l&aacute; surgiu a id&eacute;ia de se trabalhar novamente com o tema da democratiza&ccedil;&atilde;o em n&iacute;vel nacional, depois de anos de predomin&acirc;ncia de pautas relacionadas a curr&iacute;culos e Prov&atilde;o dentro da executiva de estudantes. &ldquo;O semin&aacute;rio de julho foi a semente&rdquo;, conta Rog&eacute;rio.<\/p>\n<p class=\"padrao\">&nbsp;<\/p>\n<p class=\"padrao\">Os &uacute;ltimos detalhes foram acertados no Congresso anual da Enecos, no fim de janeiro de 2003. A abordagem foi denunciar a renova&ccedil;&atilde;o autom&aacute;tica das concess&otilde;es de r&aacute;dio e TV.<\/p>\n<p class=\"padrao\">&nbsp;<\/p>\n<p class=\"padrao\">Quanto &agrave; escolha do dia 17, &eacute; relacionado ao <a href=\"http:\/\/www.mediademocracyday.org\/\" target=\"_blank\">Media Democracy Day<\/a> , dia mundial pela democratiza&ccedil;&atilde;o da m&iacute;dia. Esse dia existe desde 2001, e tem a ver com o lan&ccedil;amento da BBC, que era vista como modelo de emissora p&uacute;blica plural. Apesar de o dia mundial ser dia 18, por uma desaten&ccedil;&atilde;o, no Brasil adotou-se 17.<\/p>\n<p class=\"padrao\">&nbsp;<\/p>\n<p class=\"padrao\">Em muitos estados j&aacute; est&atilde;o ocorrendo discuss&otilde;es sobre a democratiza&ccedil;&atilde;o, e o calend&aacute;rio pode ser conferido na <a href=\"content_categ.php?option=eventcal&amp;task=event&amp;id=23\">Agenda do Observat&oacute;rio<\/a> .<\/p>\n<p class=\"padrao\">&nbsp;<\/p>\n<p class=\"padrao\">Apesar da semana ter aparentemente perdido for&ccedil;a desde os prim&oacute;rdios, a discuss&atilde;o sobre os temas relacionados aumentou muito, acredita Rog&eacute;rio. &ldquo;Surgiram muitos temas desde 2003: TV digital, PL 29, comunica&ccedil;&atilde;o p&uacute;blica com cria&ccedil;&atilde;o da EBC, a Confer&ecirc;ncia, que &eacute; luta que travamos a f&oacute;rceps&rdquo;. A raz&atilde;o da semana de aglutinar os temas deixou de ser necess&aacute;ria por que militantes e pesquisadores passam o resto do ano discutindo essa quest&atilde;o.<\/p>\n","protected":false},"excerpt":{"rendered":"<p><span class=\"padrao\">Estados se mobilizam em clima de p&oacute;s Confer&ecirc;ncia  Nacional de Comunica&ccedil;&atilde;o <\/span><font class=\"padrao\">para avaliar o processo e tra&ccedil;ar as a&ccedil;&otilde;es  do movimento&nbsp;<\/font><\/p>\n","protected":false},"author":1,"featured_media":0,"comment_status":"open","ping_status":"open","sticky":false,"template":"","format":"standard","meta":{"footnotes":""},"categories":[40],"tags":[830],"_links":{"self":[{"href":"https:\/\/obscom.intervozes.org.br\/index.php?rest_route=\/wp\/v2\/posts\/25007"}],"collection":[{"href":"https:\/\/obscom.intervozes.org.br\/index.php?rest_route=\/wp\/v2\/posts"}],"about":[{"href":"https:\/\/obscom.intervozes.org.br\/index.php?rest_route=\/wp\/v2\/types\/post"}],"author":[{"embeddable":true,"href":"https:\/\/obscom.intervozes.org.br\/index.php?rest_route=\/wp\/v2\/users\/1"}],"replies":[{"embeddable":true,"href":"https:\/\/obscom.intervozes.org.br\/index.php?rest_route=%2Fwp%2Fv2%2Fcomments&post=25007"}],"version-history":[{"count":0,"href":"https:\/\/obscom.intervozes.org.br\/index.php?rest_route=\/wp\/v2\/posts\/25007\/revisions"}],"wp:attachment":[{"href":"https:\/\/obscom.intervozes.org.br\/index.php?rest_route=%2Fwp%2Fv2%2Fmedia&parent=25007"}],"wp:term":[{"taxonomy":"category","embeddable":true,"href":"https:\/\/obscom.intervozes.org.br\/index.php?rest_route=%2Fwp%2Fv2%2Fcategories&post=25007"},{"taxonomy":"post_tag","embeddable":true,"href":"https:\/\/obscom.intervozes.org.br\/index.php?rest_route=%2Fwp%2Fv2%2Ftags&post=25007"}],"curies":[{"name":"wp","href":"https:\/\/api.w.org\/{rel}","templated":true}]}}