{"id":24990,"date":"2010-10-06T16:06:20","date_gmt":"2010-10-06T16:06:20","guid":{"rendered":"https:\/\/obscom.intervozes.org.br\/wordpress\/?p=24990"},"modified":"2010-10-06T16:06:20","modified_gmt":"2010-10-06T16:06:20","slug":"aplicacao-da-ley-de-medios-se-envolve-em-polemica-juridica","status":"publish","type":"post","link":"https:\/\/obscom.intervozes.org.br\/?p=24990","title":{"rendered":"Aplica\u00e7\u00e3o da Ley de Medios se envolve em pol\u00eamica jur\u00eddica"},"content":{"rendered":"<p><span class=\"padrao\">A Suprema Corte da Argentina julgou favoravelmente o pedido do <\/span><span class=\"padrao\">grupo Clar&iacute;n, principal organiza&ccedil;&atilde;o de m&iacute;dia do pa&iacute;s, que suspende prazo de um ano estabelecido pela <\/span><em>Ley de Medios<\/em><span class=\"padrao\"> para  que a empresa se desfa&ccedil;a de algumas de suas concess&otilde;es de meios de  comunica&ccedil;&atilde;o. <\/span><span class=\"padrao\">O <\/span><span class=\"padrao\">tribunal afirmou, por&eacute;m, que o conte&uacute;do da lei &eacute; v&aacute;lido e deve ser  respeitado.<\/span><\/p>\n<p>&nbsp;<\/p>\n<p><span class=\"padrao\"> A lei determinou um limite de ve&iacute;culos para cada empresa, medida que tem como objetivo <\/span><span class=\"padrao\">desconcentrar os meios de comunica&ccedil;&atilde;o, que tal como no Brasil est&atilde;o concentrados em grandes conglomerados<\/span><span class=\"padrao\">. <\/span><\/p>\n","protected":false},"excerpt":{"rendered":"<p>A Suprema Corte da Argentina julgou favoravelmente o pedido do grupo Clar&iacute;n, principal organiza&ccedil;&atilde;o de m&iacute;dia do pa&iacute;s, que suspende prazo de um ano estabelecido pela Ley de Medios para que a empresa se desfa&ccedil;a de algumas de suas concess&otilde;es de meios de comunica&ccedil;&atilde;o. O tribunal afirmou, por&eacute;m, que o conte&uacute;do da lei &eacute; v&aacute;lido &hellip; <a href=\"https:\/\/obscom.intervozes.org.br\/?p=24990\" class=\"more-link\">Continue lendo <span class=\"screen-reader-text\">Aplica\u00e7\u00e3o da Ley de Medios se envolve em pol\u00eamica jur\u00eddica<\/span> <span class=\"meta-nav\">&rarr;<\/span><\/a><\/p>\n","protected":false},"author":1,"featured_media":0,"comment_status":"open","ping_status":"open","sticky":false,"template":"","format":"standard","meta":{"footnotes":""},"categories":[39],"tags":[],"_links":{"self":[{"href":"https:\/\/obscom.intervozes.org.br\/index.php?rest_route=\/wp\/v2\/posts\/24990"}],"collection":[{"href":"https:\/\/obscom.intervozes.org.br\/index.php?rest_route=\/wp\/v2\/posts"}],"about":[{"href":"https:\/\/obscom.intervozes.org.br\/index.php?rest_route=\/wp\/v2\/types\/post"}],"author":[{"embeddable":true,"href":"https:\/\/obscom.intervozes.org.br\/index.php?rest_route=\/wp\/v2\/users\/1"}],"replies":[{"embeddable":true,"href":"https:\/\/obscom.intervozes.org.br\/index.php?rest_route=%2Fwp%2Fv2%2Fcomments&post=24990"}],"version-history":[{"count":0,"href":"https:\/\/obscom.intervozes.org.br\/index.php?rest_route=\/wp\/v2\/posts\/24990\/revisions"}],"wp:attachment":[{"href":"https:\/\/obscom.intervozes.org.br\/index.php?rest_route=%2Fwp%2Fv2%2Fmedia&parent=24990"}],"wp:term":[{"taxonomy":"category","embeddable":true,"href":"https:\/\/obscom.intervozes.org.br\/index.php?rest_route=%2Fwp%2Fv2%2Fcategories&post=24990"},{"taxonomy":"post_tag","embeddable":true,"href":"https:\/\/obscom.intervozes.org.br\/index.php?rest_route=%2Fwp%2Fv2%2Ftags&post=24990"}],"curies":[{"name":"wp","href":"https:\/\/api.w.org\/{rel}","templated":true}]}}