{"id":24989,"date":"2010-10-06T15:27:44","date_gmt":"2010-10-06T15:27:44","guid":{"rendered":"https:\/\/obscom.intervozes.org.br\/wordpress\/?p=24989"},"modified":"2010-10-06T15:27:44","modified_gmt":"2010-10-06T15:27:44","slug":"ancine-propoe-criacao-de-canal-com-varejo-para-combate-a-pirataria","status":"publish","type":"post","link":"https:\/\/obscom.intervozes.org.br\/?p=24989","title":{"rendered":"Ancine prop\u00f5e cria\u00e7\u00e3o de canal com varejo para combate \u00e0 pirataria"},"content":{"rendered":"<p style=\"margin-bottom: 0cm\" class=\"padrao\"><strong>Reproduzido do Site Tela Viva<br \/><\/strong><\/p>\n<p class=\"padrao\">&nbsp;<\/p>\n<p class=\"padrao\">A Ancine, por meio de seu superintendente de fiscaliza&ccedil;&atilde;o, T&uacute;lio Faraco, prop&ocirc;s a cria&ccedil;&atilde;o de um canal entre a ag&ecirc;ncia e os varejistas como um mecanismo de combate &agrave; pirataria. A ideia &eacute; que a Uni&atilde;o Brasileira de V&iacute;deo (UBV) seja intermediadora no processo. Faraco participou de um encontro com o varejo promovido pela UBV na manh&atilde; desta ter&ccedil;a-feira, 5, em S&atilde;o Paulo.<\/p>\n<p class=\"padrao\">&nbsp;<\/p>\n<p class=\"padrao\">Segundo T&acirc;nia Lima, diretora executiva da entidade, o encontro foi organizado para auxiliar os varejistas no reconhecimento de DVDs e Bly-ray discs legais, j&aacute; que as vendas aos consumidores tem apresentado crescimento e a entidade tem recebido den&uacute;ncias de empresas que est&atilde;o fornecendo material pirata. T&acirc;nia explica que os g&ecirc;neros que t&ecirc;m sido frequentemente alvo de pirataria s&atilde;o os cl&aacute;ssicos, o western e o infantil.<\/p>\n<p class=\"padrao\">&nbsp;<\/p>\n<p class=\"padrao\">Ela sugeriu aos varejistas alguns cuidados: verificar a associa&ccedil;&atilde;o da distribuidora &agrave; UBV, verificar se o laborat&oacute;rio de replica&ccedil;&atilde;o &eacute; certificado pela CDSA, verificar se h&aacute; classifica&ccedil;&atilde;o indicativa no produto e consultar o database de lan&ccedil;amentos no site da UBV. <\/p>\n","protected":false},"excerpt":{"rendered":"<p>Reproduzido do Site Tela Viva &nbsp; A Ancine, por meio de seu superintendente de fiscaliza&ccedil;&atilde;o, T&uacute;lio Faraco, prop&ocirc;s a cria&ccedil;&atilde;o de um canal entre a ag&ecirc;ncia e os varejistas como um mecanismo de combate &agrave; pirataria. A ideia &eacute; que a Uni&atilde;o Brasileira de V&iacute;deo (UBV) seja intermediadora no processo. Faraco participou de um encontro &hellip; <a href=\"https:\/\/obscom.intervozes.org.br\/?p=24989\" class=\"more-link\">Continue lendo <span class=\"screen-reader-text\">Ancine prop\u00f5e cria\u00e7\u00e3o de canal com varejo para combate \u00e0 pirataria<\/span> <span class=\"meta-nav\">&rarr;<\/span><\/a><\/p>\n","protected":false},"author":1,"featured_media":0,"comment_status":"open","ping_status":"open","sticky":false,"template":"","format":"standard","meta":{"footnotes":""},"categories":[39],"tags":[437],"_links":{"self":[{"href":"https:\/\/obscom.intervozes.org.br\/index.php?rest_route=\/wp\/v2\/posts\/24989"}],"collection":[{"href":"https:\/\/obscom.intervozes.org.br\/index.php?rest_route=\/wp\/v2\/posts"}],"about":[{"href":"https:\/\/obscom.intervozes.org.br\/index.php?rest_route=\/wp\/v2\/types\/post"}],"author":[{"embeddable":true,"href":"https:\/\/obscom.intervozes.org.br\/index.php?rest_route=\/wp\/v2\/users\/1"}],"replies":[{"embeddable":true,"href":"https:\/\/obscom.intervozes.org.br\/index.php?rest_route=%2Fwp%2Fv2%2Fcomments&post=24989"}],"version-history":[{"count":0,"href":"https:\/\/obscom.intervozes.org.br\/index.php?rest_route=\/wp\/v2\/posts\/24989\/revisions"}],"wp:attachment":[{"href":"https:\/\/obscom.intervozes.org.br\/index.php?rest_route=%2Fwp%2Fv2%2Fmedia&parent=24989"}],"wp:term":[{"taxonomy":"category","embeddable":true,"href":"https:\/\/obscom.intervozes.org.br\/index.php?rest_route=%2Fwp%2Fv2%2Fcategories&post=24989"},{"taxonomy":"post_tag","embeddable":true,"href":"https:\/\/obscom.intervozes.org.br\/index.php?rest_route=%2Fwp%2Fv2%2Ftags&post=24989"}],"curies":[{"name":"wp","href":"https:\/\/api.w.org\/{rel}","templated":true}]}}