{"id":24978,"date":"2010-10-04T16:21:01","date_gmt":"2010-10-04T16:21:01","guid":{"rendered":"https:\/\/obscom.intervozes.org.br\/wordpress\/?p=24978"},"modified":"2010-10-04T16:21:01","modified_gmt":"2010-10-04T16:21:01","slug":"parlamentares-da-area-de-comunicacao-se-reelegem-lustosa-fica-fora","status":"publish","type":"post","link":"https:\/\/obscom.intervozes.org.br\/?p=24978","title":{"rendered":"Parlamentares da \u00e1rea de comunica\u00e7\u00e3o se reelegem; Lustosa fica fora"},"content":{"rendered":"<p class=\"padrao\"><strong>Reproduzido do site Tela Viva <\/strong><\/p>\n<p class=\"padrao\">&nbsp;<\/p>\n<p class=\"padrao\">Dos parlamentares mais atuantes no setor de comunica&ccedil;&otilde;es na atual legislatura, quase todos conseguiram se reeleger. A exce&ccedil;&atilde;o mais importante foi a do deputado Paulo Henrique Lustosa, do PMDB\/CE, que ficar&aacute; fora da C&acirc;mara a partir 2011, segundo a totaliza&ccedil;&atilde;o do TSE. A deputada Solange Amaral (DEM\/RJ) tamb&eacute;m n&atilde;o se reelegeu. Ainda faltava o t&eacute;rmino da totaliza&ccedil;&atilde;o dos votos de S&atilde;o Paulo, mas provavelmente os deputados Julio Semeghini e Paulo Teixeira seriam reeleitos, faltando apenas a totaliza&ccedil;&atilde;o de 0,01% dos votos na madrugada desta segunda, 4. <\/p>\n<p class=\"padrao\">Ao final das apura&ccedil;&otilde;es, nomes importantes como Jorge Bittar (PT\/RJ), Luiza Erundina (PSB\/SP), Miro Teixeira (PDT\/RJ), Bilac Pinto (PR\/MG) e Paulo Bornhausen (DEM\/SC) foram confirmados para a pr&oacute;xima legislatura. O senador Flexa Ribeiro (PSDB\/PA) tamb&eacute;m se reelegeu, onde atuar&aacute; ao lado dos rec&eacute;m-eleitos senadores Walter Pinheiro (PT\/BA) e Eun&iacute;cio Oliveira (PMDB\/CE). O senador H&eacute;lio Costa e o deputado Celso Russomano perderam suas disputas para, respectivamente, governador por Minas Gerais e senador por S&atilde;o Paulo. O senador Ant&ocirc;nio Carlos J&uacute;nior (DEM\/BA) n&atilde;o se candidatou &agrave; reelei&ccedil;&atilde;o. Todos deixar&atilde;o o Congresso em 2011. <\/p>\n<p class=\"padrao\">O deputado Henrique Eduardo Alves (PMDB\/RN), importante membro da bancada da radiodifus&atilde;o, se reelegeu, assim como o senador Marcelo Crivella (PR\/RJ). A deputada Jandira Feghali (PC do B\/RJ) volta ao Congresso em 2011. (<em>Samuel Possebon<\/em>)<\/p>\n<p>&nbsp;<\/p>\n","protected":false},"excerpt":{"rendered":"<p>Reproduzido do site Tela Viva &nbsp; Dos parlamentares mais atuantes no setor de comunica&ccedil;&otilde;es na atual legislatura, quase todos conseguiram se reeleger. A exce&ccedil;&atilde;o mais importante foi a do deputado Paulo Henrique Lustosa, do PMDB\/CE, que ficar&aacute; fora da C&acirc;mara a partir 2011, segundo a totaliza&ccedil;&atilde;o do TSE. A deputada Solange Amaral (DEM\/RJ) tamb&eacute;m n&atilde;o &hellip; <a href=\"https:\/\/obscom.intervozes.org.br\/?p=24978\" class=\"more-link\">Continue lendo <span class=\"screen-reader-text\">Parlamentares da \u00e1rea de comunica\u00e7\u00e3o se reelegem; Lustosa fica fora<\/span> <span class=\"meta-nav\">&rarr;<\/span><\/a><\/p>\n","protected":false},"author":1,"featured_media":0,"comment_status":"open","ping_status":"open","sticky":false,"template":"","format":"standard","meta":{"footnotes":""},"categories":[39],"tags":[797],"_links":{"self":[{"href":"https:\/\/obscom.intervozes.org.br\/index.php?rest_route=\/wp\/v2\/posts\/24978"}],"collection":[{"href":"https:\/\/obscom.intervozes.org.br\/index.php?rest_route=\/wp\/v2\/posts"}],"about":[{"href":"https:\/\/obscom.intervozes.org.br\/index.php?rest_route=\/wp\/v2\/types\/post"}],"author":[{"embeddable":true,"href":"https:\/\/obscom.intervozes.org.br\/index.php?rest_route=\/wp\/v2\/users\/1"}],"replies":[{"embeddable":true,"href":"https:\/\/obscom.intervozes.org.br\/index.php?rest_route=%2Fwp%2Fv2%2Fcomments&post=24978"}],"version-history":[{"count":0,"href":"https:\/\/obscom.intervozes.org.br\/index.php?rest_route=\/wp\/v2\/posts\/24978\/revisions"}],"wp:attachment":[{"href":"https:\/\/obscom.intervozes.org.br\/index.php?rest_route=%2Fwp%2Fv2%2Fmedia&parent=24978"}],"wp:term":[{"taxonomy":"category","embeddable":true,"href":"https:\/\/obscom.intervozes.org.br\/index.php?rest_route=%2Fwp%2Fv2%2Fcategories&post=24978"},{"taxonomy":"post_tag","embeddable":true,"href":"https:\/\/obscom.intervozes.org.br\/index.php?rest_route=%2Fwp%2Fv2%2Ftags&post=24978"}],"curies":[{"name":"wp","href":"https:\/\/api.w.org\/{rel}","templated":true}]}}