{"id":24956,"date":"2010-09-24T18:54:00","date_gmt":"2010-09-24T18:54:00","guid":{"rendered":"https:\/\/obscom.intervozes.org.br\/wordpress\/?p=24956"},"modified":"2010-09-24T18:54:00","modified_gmt":"2010-09-24T18:54:00","slug":"a-situacao-da-liberdade-de-expressao-no-brasil","status":"publish","type":"post","link":"https:\/\/obscom.intervozes.org.br\/?p=24956","title":{"rendered":"A situa\u00e7\u00e3o da liberdade de express\u00e3o no Brasil"},"content":{"rendered":"<p class=\"padrao\">Ao iniciar as opera&ccedil;&otilde;es da ARTIGO 19 no Brasil, em 2007, a diretora executiva da ARTICLE 19, Agn&egrave;s Callamard, e a coordenadora do escrit&oacute;rio no Brasil, Paula Martins, realizaram uma miss&atilde;o de pesquisa e advocacia, cujo objetivo foi analisar o atual estado da liberdade de express&atilde;o, inclusive da liberdade de informa&ccedil;&atilde;o, no pa&iacute;s. No decorrer da miss&atilde;o foram realizados encontros com v&aacute;rios representantes da sociedade civil, dos ve&iacute;culos de comunica&ccedil;&atilde;o social, jornalistas e agentes e funcion&aacute;rios p&uacute;blicos, inclusive membros do Congresso.<\/p>\n<p class=\"padrao\">Os resultados podem ser encontrados na <a href=\"http:\/\/www.article19.org\/pdfs\/publications\/brazil-mission-statement-port.pdf\" target=\"_blank\">Declara&ccedil;&atilde;o Final da Miss&atilde;o ao Brasil sobre a Situa&ccedil;&atilde;o da Liberdade de Express&atilde;o<\/a>. Os pontos principais do relat&oacute;rio s&atilde;o:<\/p>\n<p class=\"padrao\"><strong>1. Aus&ecirc;ncia de marco legal adequado<\/strong><\/p>\n<p class=\"padrao\">A legisla&ccedil;&atilde;o brasileira relativa &agrave; liberdade de express&atilde;o e informa&ccedil;&atilde;o &eacute;, na melhor das hip&oacute;teses, incompleta e, na pior, seriamente problem&aacute;tica. Enquanto o direito &agrave; liberdade de express&atilde;o e acesso &agrave; informa&ccedil;&atilde;o &eacute; protegido pelo artigo 5&ordm; da Constitui&ccedil;&atilde;o Federal, os entes legislativos brasileiros t&ecirc;m falhado em traduzir estes direitos em leis suficientemente fortes que os protejam de forma efetiva. As normas em vigor muitas vezes datam de d&eacute;cadas passadas, per&iacute;odos em que regimes n&atilde;o-democr&aacute;ticos estavam no poder.<\/p>\n<p class=\"padrao\"><strong>2. Amea&ccedil;as ao pluralismo e diversidade na m&iacute;dia<\/strong><\/p>\n<p class=\"padrao\">Um importante padr&atilde;o internacional relativo &agrave; liberdade de express&atilde;o &eacute; aquele relativo ao pluralismo e diversidade na m&iacute;dia. Infelizmente, a atual situa&ccedil;&atilde;o brasileira est&aacute; longe de satisfazer padr&otilde;es internacionais nesta &aacute;rea. Os ve&iacute;culos de comunica&ccedil;&atilde;o social est&atilde;o concentrados nas m&atilde;os de poucos, em viola&ccedil;&atilde;o ao direito da popula&ccedil;&atilde;o de receber informa&ccedil;&atilde;o sobre assuntos de interesse p&uacute;blico de uma variedade de fontes.<\/p>\n<p class=\"padrao\"><strong>3. Radiodifus&atilde;o Comunit&aacute;ria sob Amea&ccedil;a<\/strong><\/p>\n<p class=\"padrao\">A democracia exige que o estado crie um ambiente no qual diferentes tipos de radiodifusores &ndash; a&iacute; inclu&iacute;dos radiodifusores p&uacute;blicos, comerciais e comunit&aacute;rios &ndash; possam prosperar. Infelizmente, este n&atilde;o &eacute; o caso do Brasil, onde milhares de r&aacute;dios comunit&aacute;rias ainda aguardam a atribui&ccedil;&atilde;o de licen&ccedil;as em um processo lento, ineficaz e punitivo.<\/p>\n<p class=\"padrao\"><strong>4. Difama&ccedil;&atilde;o e Indeniza&ccedil;&otilde;es<\/strong><\/p>\n<p class=\"padrao\">A ARTIGO 19 tamb&eacute;m est&aacute; preocupada com o alto n&uacute;mero de casos de indeniza&ccedil;&atilde;o por danos morais contra jornalistas e ve&iacute;culos de comunica&ccedil;&atilde;o social e com a natureza destes casos, que geram altas indeniza&ccedil;&otilde;es, geralmente est&atilde;o associados a mat&eacute;rias investigando den&uacute;ncias de corrup&ccedil;&atilde;o de oficiais p&uacute;blicos e muitas vezes come&ccedil;am com uma decis&atilde;o liminar que provoca censura pr&eacute;via.<\/p>\n<p class=\"padrao\"><strong>5. Viol&ecirc;ncia contra jornalistas<\/strong><\/p>\n<p class=\"padrao\">Entrevistas com profissionais da m&iacute;dia demonstraram que a viol&ecirc;ncia contra jornalistas ainda &eacute; bastante presente no Brasil, mas sua real extens&atilde;o e caracteriza&ccedil;&atilde;o talvez ainda sejam pouco dimensionadas e avaliadas. Tal viol&ecirc;ncia engloba homic&iacute;dios, agress&otilde;es f&iacute;sicas e amea&ccedil;as. Al&eacute;m disso, a possibilidade de ataques atrav&eacute;s de a&ccedil;&otilde;es judiciais pode representar viol&ecirc;ncia mental, psicol&oacute;gica e econ&ocirc;mica.<\/p>\n<p class=\"padrao\"><strong>6. Promessas de acesso &agrave; informa&ccedil;&atilde;o ainda a serem cumpridas<\/strong><\/p>\n<p class=\"padrao\">O acesso &agrave; informa&ccedil;&atilde;o &eacute; garantido pela Constitui&ccedil;&atilde;o de 1988, mas sua implementa&ccedil;&atilde;o &eacute; limitada em raz&atilde;o da aus&ecirc;ncia de regulamenta&ccedil;&atilde;o espec&iacute;fica que detalhe os procedimentos e prazos aplic&aacute;veis.<\/p>\n","protected":false},"excerpt":{"rendered":"<p>Ao iniciar as opera&ccedil;&otilde;es da ARTIGO 19 no Brasil, em 2007, a diretora executiva da ARTICLE 19, Agn&egrave;s Callamard, e a coordenadora do escrit&oacute;rio no Brasil, Paula Martins, realizaram uma miss&atilde;o de pesquisa e advocacia, cujo objetivo foi analisar o atual estado da liberdade de express&atilde;o, inclusive da liberdade de informa&ccedil;&atilde;o, no pa&iacute;s. No decorrer &hellip; <a href=\"https:\/\/obscom.intervozes.org.br\/?p=24956\" class=\"more-link\">Continue lendo <span class=\"screen-reader-text\">A situa\u00e7\u00e3o da liberdade de express\u00e3o no Brasil<\/span> <span class=\"meta-nav\">&rarr;<\/span><\/a><\/p>\n","protected":false},"author":1,"featured_media":0,"comment_status":"open","ping_status":"open","sticky":false,"template":"","format":"standard","meta":{"footnotes":""},"categories":[40],"tags":[317],"_links":{"self":[{"href":"https:\/\/obscom.intervozes.org.br\/index.php?rest_route=\/wp\/v2\/posts\/24956"}],"collection":[{"href":"https:\/\/obscom.intervozes.org.br\/index.php?rest_route=\/wp\/v2\/posts"}],"about":[{"href":"https:\/\/obscom.intervozes.org.br\/index.php?rest_route=\/wp\/v2\/types\/post"}],"author":[{"embeddable":true,"href":"https:\/\/obscom.intervozes.org.br\/index.php?rest_route=\/wp\/v2\/users\/1"}],"replies":[{"embeddable":true,"href":"https:\/\/obscom.intervozes.org.br\/index.php?rest_route=%2Fwp%2Fv2%2Fcomments&post=24956"}],"version-history":[{"count":0,"href":"https:\/\/obscom.intervozes.org.br\/index.php?rest_route=\/wp\/v2\/posts\/24956\/revisions"}],"wp:attachment":[{"href":"https:\/\/obscom.intervozes.org.br\/index.php?rest_route=%2Fwp%2Fv2%2Fmedia&parent=24956"}],"wp:term":[{"taxonomy":"category","embeddable":true,"href":"https:\/\/obscom.intervozes.org.br\/index.php?rest_route=%2Fwp%2Fv2%2Fcategories&post=24956"},{"taxonomy":"post_tag","embeddable":true,"href":"https:\/\/obscom.intervozes.org.br\/index.php?rest_route=%2Fwp%2Fv2%2Ftags&post=24956"}],"curies":[{"name":"wp","href":"https:\/\/api.w.org\/{rel}","templated":true}]}}