{"id":24954,"date":"2010-09-24T16:45:14","date_gmt":"2010-09-24T16:45:14","guid":{"rendered":"https:\/\/obscom.intervozes.org.br\/wordpress\/?p=24954"},"modified":"2010-09-24T16:45:14","modified_gmt":"2010-09-24T16:45:14","slug":"e-preciso-erradicar-os-donos-de-meios-de-comunicacao-racistas","status":"publish","type":"post","link":"https:\/\/obscom.intervozes.org.br\/?p=24954","title":{"rendered":"\u201c\u00c9 preciso erradicar os donos de meios de comunica\u00e7\u00e3o racistas\u201d"},"content":{"rendered":"<p class=\"padrao\">Ap&oacute;s um longo processo de debate promovido pela Comiss&atilde;o de Direitos Humanos da C&acirc;mara de Deputados da Bol&iacute;via, o Projeto de Lei Contra o Racismo e toda forma de Discrimina&ccedil;&atilde;o j&aacute; est&aacute; em tr&acirc;mite no Senado e recebe dura cr&iacute;tica nos grandes meios de comunica&ccedil;&atilde;o nacionais. Eles reivindicam a retirada do artigo 16 do projeto, que diz: &ldquo;o meio de comunica&ccedil;&atilde;o que autorize e publique ideias racistas e discriminat&oacute;rias ser&aacute; pass&iacute;vel de san&ccedil;&otilde;es econ&ocirc;micas e de suspens&atilde;o de licen&ccedil;a&rdquo;.<\/p>\n<p class=\"padrao\">A Associa&ccedil;&atilde;o Nacional de Imprensa (ANP) lan&ccedil;ou nota em que considerava o projeto como um ataque &agrave; liberdade de express&atilde;o. O presidente da ANP, Marco Dips, afirmou que a aprova&ccedil;&atilde;o do texto significar&aacute; que &ldquo;o Estado boliviano romper&aacute; com o sistema democr&aacute;tico ao amorda&ccedil;ar a imprensa&rdquo; e defendeu que a autorregula&ccedil;&atilde;o dos meios &eacute; a sa&iacute;da para o problema.<\/p>\n<p class=\"padrao\"><strong>Defesa presidencial<\/strong><\/p>\n<p class=\"padrao\">O projeto de lei estabelece como delitos contra a dignidade do ser humano: o racismo, a discrimina&ccedil;&atilde;o, a difus&atilde;o e incita&ccedil;&atilde;o do racismo ou da discrimina&ccedil;&atilde;o, a participa&ccedil;&atilde;o em organiza&ccedil;&otilde;es ou associa&ccedil;&otilde;es racistas ou discriminat&oacute;rias, os insultos e outras agress&otilde;es verbais por esses motivos. Entre as san&ccedil;&otilde;es, est&atilde;o previstas a priva&ccedil;&atilde;o de liberdade de um a sete anos, trabalhos volunt&aacute;rios, multas e o fechamento de estabelecimentos de atendimento ao p&uacute;blico e meios de comunica&ccedil;&atilde;o, em caso de repetidas infra&ccedil;&otilde;es.<\/p>\n<p class=\"padrao\">Em diversos atos p&uacute;blicos realizados durante o per&iacute;odo em que a imprensa bombardeava o projeto de lei, o presidente boliviano Evo Morales dedicou-se a defend&ecirc;-lo: &ldquo;Essa gente que pratica o racismo por microfones tem que que se incomodar (..) Temos a obriga&ccedil;&atilde;o de erradicar os racistas que s&atilde;o donos dos meios de comunica&ccedil;&atilde;o (&#8230;) Aqui n&atilde;o h&aacute; pessoas de primeira, segunda ou terceira categoria, mas, para alguns, custa entender isso&rdquo;, discursou.<\/p>\n<p class=\"padrao\">&nbsp;<\/p>\n<p class=\"padrao\"><strong>Protestos<\/strong><\/p>\n<p class=\"padrao\">A deputada oposicionista Adriana Gil classifi cou a medida de combate &agrave; discrimina&ccedil;&atilde;o como &ldquo;persecut&oacute;ria, repressora e perversa&rdquo;, uma vez que &ldquo;um grupo afi m ao governo n&atilde;o pode defi nir o que &eacute; racismo e o que n&atilde;o &eacute;&rdquo;.<\/p>\n<p class=\"padrao\">Para Sucy Mitre, representante do Cap&iacute;tulo Boliviano de Direitos Humanos, a oposi&ccedil;&atilde;o ao governo e a m&iacute;dia est&atilde;o distorcendo a proposta:&ldquo;A defini&ccedil;&atilde;o de racismo &eacute; a mesma usada pelo Comit&ecirc; Internacional contra a Discrimina&ccedil;&atilde;o Racial, da ONU [Organiza&ccedil;&atilde;o das Na&ccedil;&otilde;es Unidas], pelo Comit&ecirc; Internacional de Elimina&ccedil;&atilde;o da Discrimina&ccedil;&atilde;o das Mulheres, pela OIT [Organiza&ccedil;&atilde;o Internacional do Trabalho]. Quem julgar&aacute; as a&ccedil;&otilde;es ser&aacute; uma autoridade do Judici&aacute;rio.O tema tem suas suscetibilidades, mas nada al&eacute;m de outros julgamentos como os de delitos contra a honra, inj&uacute;ria, cal&uacute;nia etc. Precisamos ir desenvolvendo jurisprud&ecirc;ncia, mas, para isso, temos que afetar o exerc&iacute;cio do direito e n&atilde;o s&oacute; contemplar o seu reconhecimento&rdquo;.<\/p>\n<p class=\"padrao\">Ela ressalta que a lei n&atilde;o vem para censurar os meios, mas para cumprir com o compromisso que o Estado boliviano tem diante da comunidade internacional de punir atos discriminat&oacute;rios. &ldquo;Nossa op&ccedil;&atilde;o &eacute; de prevenir e educar, dando forte &ecirc;nfase &agrave;s responsabilidades que devem ser assumidas pelo Estado em outros &acirc;mbitos, n&atilde;o somente encher as pris&otilde;es de racistas.O eixo central do projeto &eacute; a cria&ccedil;&atilde;o do Plano Nacional contra o Racismo e toda forma de Discrimina&ccedil;&atilde;o, sobre o qual n&atilde;o se diz nada. Mas h&aacute; uma alian&ccedil;a dos meios privados para difamar o presidente, esse &eacute; seu interesse, o que n&atilde;o permite que nada seja visto como positivo&rdquo;, relata.<\/p>\n<p class=\"padrao\">&nbsp;<\/p>\n<p class=\"padrao\"><strong>Discuss&atilde;o aberta<\/strong><\/p>\n<p class=\"padrao\">De acordo com a secret&aacute;ria t&eacute;cnica da rede de organiza&ccedil;&otilde;es que conformam a Comunidade de Direitos Humanos, M&oacute;nica Bay&aacute;, a posi&ccedil;&atilde;o pol&iacute;tica dos meios impede uma maior visibilidade do projeto de lei, que tamb&eacute;m obriga o Estado a adotar pol&iacute;ticas em todos os &acirc;mbitos da educa&ccedil;&atilde;o, a fomentar pesquisas e divulga&ccedil;&atilde;o de dados sobre a discrimina&ccedil;&atilde;o, a criar um Comit&ecirc; de Luta contra o Racismo e todas as formas de Discrimina&ccedil;&atilde;o &ndash; composto por representantes de &oacute;rg&atilde;os p&uacute;blicos e de organiza&ccedil;&otilde;es da sociedade civil &ndash; e a adequa&ccedil;&atilde;o ou cria&ccedil;&atilde;o de c&oacute;digos de conduta para funcion&aacute;rios de institui&ccedil;&otilde;es p&uacute;blicas e privadas, incidindo at&eacute; mesmo sobre a Pol&iacute;cia.<\/p>\n<p class=\"padrao\">&ldquo;A discuss&atilde;o do projeto foi feita com portas abertas a todos, em in&uacute;meras audi&ecirc;ncias p&uacute;blicas, em oito dos nove departamentos do pa&iacute;s, onde participaram mais de 300 organiza&ccedil;&otilde;es. Foram convidadas as associa&ccedil;&otilde;es de imprensa, mas elas n&atilde;o vieram. O projeto inicial foi completamente modifi cado pela participa&ccedil;&atilde;o. E, agora, querem dizer que esse &eacute; um projeto do ofi cialismo imposto pelo governo. E voc&ecirc; sabe que o partido de governo tem dois ter&ccedil;os do Congresso, ou seja, poderiam ter entrado com o projeto de manh&atilde; e ter a lei aprovada &agrave; noite. Lamentamos que o processo n&atilde;o est&aacute; sendo valorizado&rdquo;, desabafa.<\/p>\n<p class=\"padrao\">Nos &uacute;ltimos dias, as organiza&ccedil;&otilde;es de imprensa apareceram para debater o projeto com os senadores. De acordo com o senador do MAS-IPSP (Movimento ao Socialismo &#8211; Instrumento pela Soberania dos Povos), Eug&ecirc;nio Rojas, o artigo 16 n&atilde;o ser&aacute; alterado porque as sugest&otilde;es da imprensa se referem &agrave; etapa de regulamenta&ccedil;&atilde;o da lei.<\/p>\n","protected":false},"excerpt":{"rendered":"<p>Ap&oacute;s um longo processo de debate promovido pela Comiss&atilde;o de Direitos Humanos da C&acirc;mara de Deputados da Bol&iacute;via, o Projeto de Lei Contra o Racismo e toda forma de Discrimina&ccedil;&atilde;o j&aacute; est&aacute; em tr&acirc;mite no Senado e recebe dura cr&iacute;tica nos grandes meios de comunica&ccedil;&atilde;o nacionais. Eles reivindicam a retirada do artigo 16 do projeto, &hellip; <a href=\"https:\/\/obscom.intervozes.org.br\/?p=24954\" class=\"more-link\">Continue lendo <span class=\"screen-reader-text\">\u201c\u00c9 preciso erradicar os donos de meios de comunica\u00e7\u00e3o racistas\u201d<\/span> <span class=\"meta-nav\">&rarr;<\/span><\/a><\/p>\n","protected":false},"author":1,"featured_media":0,"comment_status":"open","ping_status":"open","sticky":false,"template":"","format":"standard","meta":{"footnotes":""},"categories":[40],"tags":[189],"_links":{"self":[{"href":"https:\/\/obscom.intervozes.org.br\/index.php?rest_route=\/wp\/v2\/posts\/24954"}],"collection":[{"href":"https:\/\/obscom.intervozes.org.br\/index.php?rest_route=\/wp\/v2\/posts"}],"about":[{"href":"https:\/\/obscom.intervozes.org.br\/index.php?rest_route=\/wp\/v2\/types\/post"}],"author":[{"embeddable":true,"href":"https:\/\/obscom.intervozes.org.br\/index.php?rest_route=\/wp\/v2\/users\/1"}],"replies":[{"embeddable":true,"href":"https:\/\/obscom.intervozes.org.br\/index.php?rest_route=%2Fwp%2Fv2%2Fcomments&post=24954"}],"version-history":[{"count":0,"href":"https:\/\/obscom.intervozes.org.br\/index.php?rest_route=\/wp\/v2\/posts\/24954\/revisions"}],"wp:attachment":[{"href":"https:\/\/obscom.intervozes.org.br\/index.php?rest_route=%2Fwp%2Fv2%2Fmedia&parent=24954"}],"wp:term":[{"taxonomy":"category","embeddable":true,"href":"https:\/\/obscom.intervozes.org.br\/index.php?rest_route=%2Fwp%2Fv2%2Fcategories&post=24954"},{"taxonomy":"post_tag","embeddable":true,"href":"https:\/\/obscom.intervozes.org.br\/index.php?rest_route=%2Fwp%2Fv2%2Ftags&post=24954"}],"curies":[{"name":"wp","href":"https:\/\/api.w.org\/{rel}","templated":true}]}}