{"id":24949,"date":"2010-09-23T11:30:28","date_gmt":"2010-09-23T11:30:28","guid":{"rendered":"https:\/\/obscom.intervozes.org.br\/wordpress\/?p=24949"},"modified":"2010-09-23T11:30:28","modified_gmt":"2010-09-23T11:30:28","slug":"os-veiculos-deveriam-se-posicionar-em-relacao-a-candidatos-ou-partidos","status":"publish","type":"post","link":"https:\/\/obscom.intervozes.org.br\/?p=24949","title":{"rendered":"&#8220;Os ve\u00edculos deveriam se posicionar em rela\u00e7\u00e3o a candidatos ou partidos&#8221;"},"content":{"rendered":"\n<p style=\"margin-bottom: 0cm\"><em><span class=\"padrao\">[T&iacute;tulo original: Viv&ecirc;ncia surge como forte influ&ecirc;ncia na opini&atilde;o p&uacute;blica]<\/span><\/em> <\/p>\n<p style=\"margin-bottom: 0cm\" class=\"padrao\">&nbsp;<\/p>\n<p style=\"margin-bottom: 0cm\"><span class=\"padrao\">N&atilde;o existe pol&iacute;tica sem visibilidade, nem m&iacute;dia sem a pauta pol&iacute;tica. Uma e outra s&atilde;o absolutamente dependentes. A novidade que se observa, no contexto atual da pol&iacute;tica e a opini&atilde;o p&uacute;blica, &eacute; a quest&atilde;o da viv&ecirc;ncia. Porque ocorre uma mudan&ccedil;a geral do Pa&iacute;s, as pessoas que usufruem dos benef&iacute;cios das a&ccedil;&otilde;es pol&iacute;ticas do governo hoje opinam favoravelmente sem nem mesmo circular na internet ou ter acesso aos meios de comunica&ccedil;&atilde;o. Esses aspectos, de acordo com a professora e pesquisadora em Comunica&ccedil;&atilde;o e Pol&iacute;tica Maria Helena Weber*, s&atilde;o significativos para formar a opini&atilde;o do eleitor e por isso vimos que o modo como a grande m&iacute;dia aborda a pol&iacute;tica n&atilde;o vem se refletindo nas pesquisas de inten&ccedil;&atilde;o de voto. Leia a seguir.<\/p>\n<p><\/span> <\/p>\n<p style=\"margin-bottom: 0cm\" class=\"padrao\"><strong>A abordagem da m&iacute;dia brasileira sobre a pol&iacute;tica n&atilde;o tem se refletido nas pesquisas de inten&ccedil;&atilde;o de voto para as elei&ccedil;&otilde;es de outubro. Quem e como est&aacute; formando a opini&atilde;o do eleitor?<\/strong><\/p>\n<p style=\"margin-bottom: 0cm\"><span class=\"padrao\">Acho que pelo menos na Universidade e nos centros de pesquisa que trabalham com Comunica&ccedil;&atilde;o e Pol&iacute;tica j&aacute; se ultrapassou essa ideia de domina&ccedil;&atilde;o, ou seja, de opini&atilde;o p&uacute;blica formada pelos jornais, pelas revistas, pela televis&atilde;o. Isto estaria dentro de uma teoria chamada hipod&eacute;rmica, na qual as pessoas est&atilde;o sujeitas a tudo aquilo que a poderosa m&iacute;dia disser, sem pensamento, sem opini&otilde;es, sem viv&ecirc;ncias.<\/p>\n<p><\/span> <\/p>\n<p style=\"margin-bottom: 0cm\"><span class=\"padrao\">Dito isso, se pode verificar no Brasil alguns aspectos. Num deles, que faz parte de minha pesquisa, est&atilde;o as complexas, grandes e qualificadas estruturas de comunica&ccedil;&atilde;o que os poderes &ndash; o Executivo, especialmente &ndash; montaram em fun&ccedil;&atilde;o de fazer sua pr&oacute;pria comunica&ccedil;&atilde;o. Isso &eacute; leg&iacute;timo, e h&aacute; uma enorme produ&ccedil;&atilde;o de informa&ccedil;&otilde;es, not&iacute;cias, de propaganda, de presta&ccedil;&atilde;o de servi&ccedil;os, de produ&ccedil;&atilde;o de eventos. A quantidade de informa&ccedil;&otilde;es que circula nessa mega rede, com profissionais qualificados, com equipamentos, alta tecnologia, compete diretamente com a produ&ccedil;&atilde;o de informa&ccedil;&otilde;es da m&iacute;dia. Tem uma audi&ecirc;ncia, um acesso permitido &agrave; comunica&ccedil;&atilde;o gerada pelo governo.<\/p>\n<p><\/span> <\/p>\n<p style=\"margin-bottom: 0cm\"><span class=\"padrao\">O outro aspecto &eacute; que a internet possibilita a circula&ccedil;&atilde;o, as informa&ccedil;&otilde;es de larga escala e de modo incontrol&aacute;vel de grupos, digamos, em torno de determinado candidato, de determinadas a&ccedil;&otilde;es do governo, ou do Legislativo, do Judici&aacute;rio. Ent&atilde;o, &eacute; outro status de circula&ccedil;&atilde;o de opini&atilde;o.<\/p>\n<p><\/span> <\/p>\n<p style=\"margin-bottom: 0cm\"><span class=\"padrao\">Acho que especialmente as pesquisas de aprova&ccedil;&atilde;o do presidente [Lula] &eacute; o que chamamos a quest&atilde;o da viv&ecirc;ncia. Ent&atilde;o, temos uma mudan&ccedil;a geral do Pa&iacute;s &ndash; e n&atilde;o sou eu a dizer isso, est&atilde;o a&iacute; as estat&iacute;sticas nacionais, internacionais, de que h&aacute; uma mudan&ccedil;a de padr&atilde;o de comportamento, de consumo, de vida, de padr&atilde;o econ&ocirc;mico, no plano da Educa&ccedil;&atilde;o. S&atilde;o muitos projetos pol&iacute;ticos, como o Bolsa Fam&iacute;lia, o Prouni, aumento dos investimentos em pesquisas, casa pr&oacute;pria e assim por diante. &Eacute; uma longa lista.<\/p>\n<p><\/span> <\/p>\n<p style=\"margin-bottom: 0cm\"><span class=\"padrao\">Essas a&ccedil;&otilde;es pol&iacute;ticas s&atilde;o vivenciadas, ou seja, as pessoas que usufruem dos benef&iacute;cios destas a&ccedil;&otilde;es pol&iacute;ticas v&atilde;o opinar favoravelmente. Ent&atilde;o, elas n&atilde;o precisam nem circular na internet, nem ter acesso aos meios de comunica&ccedil;&atilde;o, nem mesmo ler aquilo que o governo faz. Acho que esses tr&ecirc;s aspectos s&atilde;o significativos para formar uma opini&atilde;o.<\/p>\n<p><\/span> <\/p>\n<p style=\"margin-bottom: 0cm\"><span class=\"padrao\">A m&iacute;dia seria um quarto ponto &ndash; sendo que nenhum deles &eacute; maior que o outro &ndash; e tem a ver com a informa&ccedil;&atilde;o que circula pelos ve&iacute;culos, que atinge determinados l&iacute;deres de opini&atilde;o.<\/p>\n<p><\/span> <\/p>\n<p style=\"margin-bottom: 0cm\" class=\"padrao\"><strong>Nesta campanha, a m&iacute;dia vem atuando como partido pol&iacute;tico?<\/strong><\/p>\n<p style=\"margin-bottom: 0cm\"><span class=\"padrao\">Eu n&atilde;o gosto e n&atilde;o uso essa classifica&ccedil;&atilde;o. Primeiro, porque para ser um partido pol&iacute;tico tem que ter um projeto pol&iacute;tico, um projeto de governabilidade, uma ideologia de representa&ccedil;&atilde;o. O que eu acho que a m&iacute;dia est&aacute; fazendo &ndash; fora alguns ve&iacute;culos que se posicionaram formalmente &agrave;s elei&ccedil;&otilde;es, como a [revista] Carta Capital, por exemplo &ndash; &eacute; n&atilde;o defender o candidato que eles gostariam, mas desqualificar e desconstituir o outro. Esta tem sido uma estrat&eacute;gia que eu nunca vi, antes, de modo t&atilde;o ostensivo.<\/p>\n<p><\/span> <\/p>\n<p style=\"margin-bottom: 0cm\"><span class=\"padrao\">Quando a gente diz que a m&iacute;dia se comporta como um partido pol&iacute;tico, podemos estar simplificando uma quest&atilde;o que eu acho muito complexa. A m&iacute;dia defende determinados interesses pol&iacute;ticos, defende o seu pr&oacute;prio neg&oacute;cio, ou n&atilde;o se agrada de um projeto pol&iacute;tico, mas n&atilde;o prop&otilde;e outro, apenas o desqualifica.<\/p>\n<p><\/span> <\/p>\n<p style=\"margin-bottom: 0cm\"><span class=\"padrao\">Por outro lado, acho que a m&iacute;dia continua cumprindo o seu papel de vigil&acirc;ncia, de den&uacute;ncia, acompanhamento, etc. Como ela faz isso, como ela associa determinadas den&uacute;ncias aos candidatos, bom, a&iacute; &eacute; onde a gente pode verificar esta estrat&eacute;gia de desqualificar um candidato em prol de outro.<\/p>\n<p><\/span> <\/p>\n<p style=\"margin-bottom: 0cm\"><span class=\"padrao\">Mas eu n&atilde;o acho que os meios de comunica&ccedil;&atilde;o estejam, agora, agindo como partido pol&iacute;tico, porque a&iacute; n&oacute;s ter&iacute;amos que pensar em muitos partidos, o partido da [Rede] Bandeirantes, o partido da [Editora] Abril, o partido da Folha de S&atilde;o Paulo, o partido do O Estado de S&atilde;o Paulo. Acho que isso seria simplificar a quest&atilde;o que &eacute; bem mais complexa em fun&ccedil;&atilde;o da centralidade que os meios de comunica&ccedil;&atilde;o t&ecirc;m, de dar oportunidade de visibilidade &#8211; a quem eles permitem -, apesar da legisla&ccedil;&atilde;o.<\/p>\n<p><\/span> <\/p>\n<p style=\"margin-bottom: 0cm\" class=\"padrao\"><strong>Os ve&iacute;culos de comunica&ccedil;&atilde;o brasileiros deveriam se posicionar claramente sobre suas posi&ccedil;&otilde;es pol&iacute;ticas (esquerda\/centro\/direita) ao inv&eacute;s de se autointitularem &quot;imparciais&quot;?<\/strong><\/p>\n<p style=\"margin-bottom: 0cm\"><span class=\"padrao\">H&aacute; o mito da imparcialidade da imprensa. &Eacute; claro que para alguns n&atilde;o existe. <span style=\"font-weight: normal\">Acho que os ve&iacute;culos deveriam se posicionar em rela&ccedil;&atilde;o a determinados candidatos ou partidos<\/span> &ndash; se posicionar &agrave; esquerda ou &agrave; direita &eacute; complicado, por n&atilde;o identificarmos esses limites &ndash; e assim n&atilde;o precisariam desconstituir o outro. Mas n&oacute;s n&atilde;o temos a tradi&ccedil;&atilde;o de uma imprensa posicionada.<\/p>\n<p><\/span> <\/p>\n<p style=\"margin-bottom: 0cm\"><span class=\"padrao\">Se olharmos a Carta Capital, que j&aacute; declarou seu voto, por exemplo, veremos que mesmo tendo aberto voto ela n&atilde;o est&aacute; fazendo a defesa do governo.<\/p>\n<p><\/span> <\/p>\n<p style=\"margin-bottom: 0cm\" class=\"padrao\"><strong>Existe equil&iacute;brio no relacionamento entre pol&iacute;tica e m&iacute;dia, ou uma se beneficia em detrimento da outra? <\/strong><\/p>\n<p style=\"margin-bottom: 0cm\"><span class=\"padrao\">Acho que elas s&atilde;o mutuamente dependentes. N&atilde;o existe, hoje, pol&iacute;tica sem visibilidade. A pol&iacute;tica tem que fazer a presta&ccedil;&atilde;o de contas, os poderes t&ecirc;m que fazer a promo&ccedil;&atilde;o de projetos pol&iacute;ticos. Essa mega estrutura que eu falava, de comunica&ccedil;&atilde;o, &eacute; uma prova disso. Ent&atilde;o, n&atilde;o tem como as fazer existirem sem que haja essa liga&ccedil;&atilde;o.<\/p>\n<p><\/span> <\/p>\n<p style=\"margin-bottom: 0cm\"><span class=\"padrao\">Por outro lado, s&oacute; o governo falar sobre si ser&aacute; suspeito, por mais correta que seja a informa&ccedil;&atilde;o. A m&iacute;dia vai servir sempre como um balizador, por mais que ela fa&ccedil;a aquilo que o governo ou os partidos n&atilde;o gostem. Na m&iacute;dia, existe a possibilidade do contradit&oacute;rio, que a informa&ccedil;&atilde;o do governo n&atilde;o permite.<\/p>\n<p><\/span> <\/p>\n<p style=\"margin-bottom: 0cm\"><span class=\"padrao\">Mas a m&iacute;dia &eacute; absolutamente dependente do pol&iacute;tico. Dos investimentos do governo, das verbas para propaganda e da pr&oacute;pria mat&eacute;ria pol&iacute;tica. Imagine um jornal ou uma TV sem essa pauta. N&atilde;o existe. Assim como a pol&iacute;tica est&aacute; profundamente entrela&ccedil;ada com a nossa vida, ela est&aacute; tamb&eacute;m com o funcionamento da m&iacute;dia. Elas s&atilde;o dependentes, n&atilde;o h&aacute; possibilidade de ser diferente. Num regime autorit&aacute;rio, por exemplo, a primeira coisa que se faz &eacute; calar a m&iacute;dia, por mais que ela tenha sido consorciada em algum momento. Ent&atilde;o, a depend&ecirc;ncia &eacute; absoluta de um e de outro.<\/p>\n<p><\/span> <\/p>\n<p style=\"margin-bottom: 0cm\" class=\"padrao\"><strong>A converg&ecirc;ncia das m&iacute;dias imp&otilde;e a cria&ccedil;&atilde;o de um novo marco regulat&oacute;rio para as comunica&ccedil;&otilde;es. Que regras poderiam ser criadas para equilibrar a rela&ccedil;&atilde;o entre m&iacute;dia e pol&iacute;tica? Ou essa rela&ccedil;&atilde;o n&atilde;o deve ser regrada?<\/strong><\/p>\n<p style=\"margin-bottom: 0cm\"><span class=\"padrao\">Acho que tanto as associa&ccedil;&otilde;es como os sindicatos, quanto a Confer&ecirc;ncia Nacional de Comunica&ccedil;&atilde;o [Confecom] buscam regras, formas de observa&ccedil;&atilde;o da produ&ccedil;&atilde;o de comunica&ccedil;&atilde;o e daquilo que &eacute; o comportamento da m&iacute;dia. O que alteraria essa situa&ccedil;&atilde;o, primeiro, &eacute; termos um maior n&uacute;mero de m&iacute;dias com mais espa&ccedil;o para circula&ccedil;&atilde;o de outro tipo de opini&atilde;o, outras propostas editoriais. Mais m&iacute;dias.<\/p>\n<p><\/span> <\/p>\n<p style=\"margin-bottom: 0cm\"><span class=\"padrao\">Por outro lado, existe a busca por uma legisla&ccedil;&atilde;o que possa de alguma maneira controlar os abusos de um lado e de outro. Assim como n&atilde;o podemos permitir que a pol&iacute;tica e os governos dominem os meios de comunica&ccedil;&atilde;o, n&atilde;o podemos permitir que esses meios, por exemplo, mintam sobre os governos. Temos que privilegiar que ambos exer&ccedil;am o seu papel.<\/p>\n<p><\/span> <\/p>\n<p style=\"margin-bottom: 0cm\"><span class=\"padrao\">Um exemplo &eacute; a quantidade de pesquisas, teses e disserta&ccedil;&otilde;es que n&oacute;s [meio acad&ecirc;mico] temos sobre meios de comunica&ccedil;&atilde;o e os dom&iacute;nios, comportamento, fazendo vistorias sobre a m&iacute;dia, sobre o jornalismo, a pol&iacute;tica, a propaganda. Essa produ&ccedil;&atilde;o toda de pesquisa est&aacute; dispon&iacute;vel, mas &eacute; algo que n&atilde;o aparece, n&atilde;o interessa nem aos meios de comunica&ccedil;&atilde;o, nem &agrave; pr&oacute;pria pol&iacute;tica. Acho que um acerto seria uma rela&ccedil;&atilde;o mais particular, mais consequente entre a produ&ccedil;&atilde;o de pesquisa acad&ecirc;mica sobre os meios de comunica&ccedil;&atilde;o e aqueles que a usam.<\/p>\n<p><\/span> <\/p>\n<p style=\"margin-bottom: 0cm\"><span class=\"padrao\">Penso que tem de haver mecanismos de privilegiamento da &eacute;tica, de controle do investimento &#8211; a quest&atilde;o econ&ocirc;mica, por exemplo -, de quem det&eacute;m o poder da m&iacute;dia.<\/p>\n<p><\/span> <\/p>\n<p style=\"margin-bottom: 0cm\" class=\"padrao\"><strong>Quais as principais semelhan&ccedil;as e diferen&ccedil;as do comportamento da grande m&iacute;dia no per&iacute;odo de processo eleitoral atual e no anterior? A entrada da internet como meio de campanha, no Brasil, j&aacute; define mudan&ccedil;as significativas no comportamento do eleitor?<\/strong><\/p>\n<p style=\"margin-bottom: 0cm\"><span class=\"padrao\">Eu s&oacute; poderia fazer essa avalia&ccedil;&atilde;o de modo mais assertivo depois, visto que as elei&ccedil;&otilde;es ainda est&atilde;o em andamento. Mas acho que sim, a internet altera a rela&ccedil;&atilde;o com os candidatos, o processo eleitoral, a partir do momento que ela come&ccedil;a a criar novos grupos, via blogs, via twitter, enfim.<\/p>\n<p><\/span> <\/p>\n<p style=\"margin-bottom: 0cm\"><span class=\"padrao\">Em todas as m&iacute;dias sociais, novos grupos de debates e cr&iacute;ticas foram sendo fortalecidos. Isso quer dizer que h&aacute; outra dimens&atilde;o de informa&ccedil;&atilde;o e de opini&atilde;o &ndash; eu me fortale&ccedil;o no grupo que eu circulo, que &eacute; diferente do cara que l&ecirc; o jornal e comenta com o cara de outro grupo.<\/p>\n<p><\/span> <\/p>\n<p style=\"margin-bottom: 0cm\" class=\"padrao\">Acho que nessas elei&ccedil;&otilde;es, uma mudan&ccedil;a &eacute; a quest&atilde;o das redes sociais e tamb&eacute;m o uso que os partidos e os candidatos est&atilde;o fazendo desse status. &Eacute; poss&iacute;vel ter acesso &agrave; campanha via internet, atividades, agenda, de maneira bem mais qualificada do que era antes. A grande m&iacute;dia, de maneira geral, mostra um pouco de desconforto, digamos, diante da possibilidade de continuidade deste projeto pol&iacute;tico do governo atual.<\/p>\n<p style=\"margin-bottom: 0cm\" class=\"padrao\">&nbsp;<\/p>\n<p style=\"margin-bottom: 0cm\" class=\"padrao\">&nbsp;<\/p>\n<p style=\"margin-bottom: 0cm\">   \t \t \t \t  <\/p>\n<p style=\"margin-bottom: 0cm\" class=\"padrao\">*<em>Maria Helena Weber, professora da Universidade Federal do Rio Grande do Sul (Ufrgs), possui mestrado em Sociologia e doutorado em Comunica&ccedil;&atilde;o. &Eacute; coordenadora do Programa de P&oacute;s-gradua&ccedil;&atilde;o em Comunica&ccedil;&atilde;o e Informa&ccedil;&atilde;o da Ufrgs. Secret&aacute;ria da Asssocia&ccedil;&atilde;o de Pesquisadores em Comunica&ccedil;&atilde;o e Pol&iacute;tica &#8211; COMPOLITICA. Pelo CNPq, desenvolve o projeto de pesquisa &ldquo;Sistemas e Estrat&eacute;gias de Comunica&ccedil;&atilde;o do Estado Brasileiro, Entre a Visibilidade e o Interesse P&uacute;blico&rdquo;. Autora do livro &quot;Comunica&ccedil;&atilde;o e Espet&aacute;culos da Pol&iacute;tica&quot; (2000) e co-organizadora dos livros &quot;Estrat&eacute;gias e Culturas da Comunica&ccedil;&atilde;o&quot; (2002), &quot;Tens&otilde;es e Objetos da Pesquisa em Comunica&ccedil;&atilde;o&quot; (2002) e &quot;Livro da XI Comp&oacute;s estudos da comunica&ccedil;&atilde;o&quot; (2003). Escritora<\/em>.<\/p>\n<p style=\"margin-bottom: 0cm\"> <\/p>\n<p class=\"padrao\">&nbsp; <\/p>\n<p>&nbsp;<\/p>\n","protected":false},"excerpt":{"rendered":"<p>A professora e pesquisadora da Ufrgs analisa a influ&ecirc;ncia da m&iacute;dia no voto dos brasileiros<\/p>\n","protected":false},"author":1,"featured_media":0,"comment_status":"open","ping_status":"open","sticky":false,"template":"","format":"standard","meta":{"footnotes":""},"categories":[43],"tags":[606],"_links":{"self":[{"href":"https:\/\/obscom.intervozes.org.br\/index.php?rest_route=\/wp\/v2\/posts\/24949"}],"collection":[{"href":"https:\/\/obscom.intervozes.org.br\/index.php?rest_route=\/wp\/v2\/posts"}],"about":[{"href":"https:\/\/obscom.intervozes.org.br\/index.php?rest_route=\/wp\/v2\/types\/post"}],"author":[{"embeddable":true,"href":"https:\/\/obscom.intervozes.org.br\/index.php?rest_route=\/wp\/v2\/users\/1"}],"replies":[{"embeddable":true,"href":"https:\/\/obscom.intervozes.org.br\/index.php?rest_route=%2Fwp%2Fv2%2Fcomments&post=24949"}],"version-history":[{"count":0,"href":"https:\/\/obscom.intervozes.org.br\/index.php?rest_route=\/wp\/v2\/posts\/24949\/revisions"}],"wp:attachment":[{"href":"https:\/\/obscom.intervozes.org.br\/index.php?rest_route=%2Fwp%2Fv2%2Fmedia&parent=24949"}],"wp:term":[{"taxonomy":"category","embeddable":true,"href":"https:\/\/obscom.intervozes.org.br\/index.php?rest_route=%2Fwp%2Fv2%2Fcategories&post=24949"},{"taxonomy":"post_tag","embeddable":true,"href":"https:\/\/obscom.intervozes.org.br\/index.php?rest_route=%2Fwp%2Fv2%2Ftags&post=24949"}],"curies":[{"name":"wp","href":"https:\/\/api.w.org\/{rel}","templated":true}]}}