{"id":24947,"date":"2010-09-22T12:54:57","date_gmt":"2010-09-22T12:54:57","guid":{"rendered":"https:\/\/obscom.intervozes.org.br\/wordpress\/?p=24947"},"modified":"2010-09-22T12:54:57","modified_gmt":"2010-09-22T12:54:57","slug":"pgr-quer-implementacao-imediata-da-audiodescricao","status":"publish","type":"post","link":"https:\/\/obscom.intervozes.org.br\/?p=24947","title":{"rendered":"PGR quer implementa\u00e7\u00e3o imediata da audiodescri\u00e7\u00e3o"},"content":{"rendered":"\n<p style=\"margin-bottom: 0cm\" class=\"padrao\">A implementa&ccedil;&atilde;o da audiodescri&ccedil;&atilde;o na programa&ccedil;&atilde;o televisiva brasileira continua gerando pol&ecirc;mica na Justi&ccedil;a. Na semana passada, a Procuradoria-Geral da Rep&uacute;blica (PGR) encaminhou parecer sobre o assunto ao Supremo Tribunal Federal (STF), onde tramita uma a&ccedil;&atilde;o movida por entidades civis para que o sistema de acessibilidade aos portadores de defici&ecirc;ncia visual seja institu&iacute;do imediatamente na televis&atilde;o brasileira. Para a PGR, a demanda das entidades civis &eacute; leg&iacute;tima e a implementa&ccedil;&atilde;o da audiodescri&ccedil;&atilde;o n&atilde;o poderia ter sido prorrogada pelo Minist&eacute;rio das Comunica&ccedil;&otilde;es. O procurador-geral da Rep&uacute;blica, Roberto Gurgel, vai al&eacute;m. Chancela a an&aacute;lise redigida pela vice-procuradora Geral da Rep&uacute;blica, Deborah Duprat, de que o Minicom foi omisso na quest&atilde;o. <\/p>\n<p>A adapta&ccedil;&atilde;o da programa&ccedil;&atilde;o para que portadores de defici&ecirc;ncias f&iacute;sicas possam ter acesso pleno aos programas veiculados pelas concession&aacute;rias de radiodifus&atilde;o est&aacute; previsto desde 2000, na Lei 10.098. Com base nessa lei, o Minicom regulamentou em 2005 a implementa&ccedil;&atilde;o da audiodescri&ccedil;&atilde;o nas TVs brasileiras. Esse sistema consiste na narra&ccedil;&atilde;o da din&acirc;mica dos programas veiculados, possibilitando que o deficiente visual possa compreender as imagens que est&atilde;o sendo mostradas na televis&atilde;o. <\/p>\n<p>Acontece que nos &uacute;ltimos cinco anos a implementa&ccedil;&atilde;o do servi&ccedil;o foi sendo sucessivamente adiada pelo Minicom. Ao todo, o minist&eacute;rio publicou quatro portarias protelando a exig&ecirc;ncia da oferta da audiodescri&ccedil;&atilde;o. A &uacute;ltima portaria, n&ordm; 985\/2009, fixou o in&iacute;cio da implanta&ccedil;&atilde;o do sistema em 1&ordm; de julho de 2011. Mas deu nada menos do que 10 anos de prazo para que o servi&ccedil;o esteja acess&iacute;vel em closed caption nas 24 horas de programa&ccedil;&atilde;o das radiodifusoras. E esta portaria que tem sido contestada judicialmente. <\/p>\n<p>A a&ccedil;&atilde;o foi movida pelo Conselho Nacional dos Centros de Vida Independente (CVI-Brasil) e pela Federa&ccedil;&atilde;o Brasileira das Associa&ccedil;&otilde;es de S&iacute;ndrome de Down contra a Uni&atilde;o. Ambas alegam o descumprimento de diversos &quot;preceitos fundamentais&quot;, como cidadania, dignidade da pessoa humana, liberdade e igualdade. Para as entidades, a protela&ccedil;&atilde;o na implementa&ccedil;&atilde;o do servi&ccedil;o discrimina o acesso dos portadores de defici&ecirc;ncia &agrave; um servi&ccedil;o prestado por concession&aacute;rias p&uacute;blicas, como &eacute; o caso da radiodifus&atilde;o. <\/p>\n<p>A PGR concorda com os argumentos das entidades e diz ainda que a exig&ecirc;ncia legal de tornar dispon&iacute;vel a audiodescri&ccedil;&atilde;o deve ser considerada &quot;descumprida&quot; desde a edi&ccedil;&atilde;o da portaria n&ordm; 1\/2006 do Minicom, onde foi definido prazo de dois meses para as emissoras adequarem-se. &quot;&Eacute; importante o breve julgamento da presente ADPF (Argui&ccedil;&atilde;o de Descumprimento de Preceito Fundamental) para que possa produzir resultado &uacute;til e fazer a efetiva censura ao descaso governamental para com os direitos fundamentais das pessoas com defici&ecirc;ncia visual&quot;, afirma a vice-procuradora Deborah Duprat. <\/p>\n<p><strong>Cr&iacute;ticas <\/strong><\/p>\n<p>Deborah Duprat criticou as empresas de radiodifus&atilde;o em seu parecer e tamb&eacute;m o Minicom por conta das sucessivas protela&ccedil;&otilde;es. Com rela&ccedil;&atilde;o ao minist&eacute;rio, a vice-procuradora afirmou que &quot;esse quadro de omiss&atilde;o administrativa faz perdurar a situa&ccedil;&atilde;o de exclus&atilde;o por falta de acessibilidade, em viola&ccedil;&atilde;o aos preceitos fundamentais invocados&quot;. Mas a cr&iacute;tica mais dura foi &agrave;s radiodifusoras. <\/p>\n<p>Deborah classificou como &quot;p&eacute;rfido&quot; um dos argumentos usados pela Abert para alegar uma suposta ilegalidade na obriga&ccedil;&atilde;o da audiodescri&ccedil;&atilde;o. &quot;Inicialmente, &eacute; alegada a ilegalidade da regulamenta&ccedil;&atilde;o, sob o p&eacute;rfido argumento de que a Lei 10.098\/2000, no art. 19, garante o direito de acesso &agrave; informa&ccedil;&atilde;o apenas &agrave;s pessoas portadores de defici&ecirc;ncia auditiva.&quot; Para a vice-procuradora, n&atilde;o h&aacute; &quot;ilegalidade alguma na extens&atilde;o anal&oacute;gica do direito de acesso &agrave; informa&ccedil;&atilde;o&quot; com o objetivo de incluir os deficientes visuais na regulamenta&ccedil;&atilde;o. <\/p>\n<p>As radiodifusoras, inclusive as classificadas como &quot;p&uacute;blicas federais&quot; (TV Brasil, TV C&acirc;mara, TV Senado e TV Justi&ccedil;a), tamb&eacute;m alegaram falta de profissionais qualificados para a adapta&ccedil;&atilde;o dos programas, custos altos de implementa&ccedil;&atilde;o e entraves t&eacute;cnicos. A PGR n&atilde;o aceitou nenhum dos argumentos em sua an&aacute;lise. A proposta final da PGR &eacute; o STF conceda liminar suspendendo a portaria atual e d&ecirc; prazo de 60 dias para adapta&ccedil;&atilde;o e in&iacute;cio da oferta do sistema. Ainda n&atilde;o h&aacute; previs&atilde;o de quando a a&ccedil;&atilde;o ser&aacute; julgada pelo Supremo.  <\/p>\n","protected":false},"excerpt":{"rendered":"<p>A implementa&ccedil;&atilde;o da audiodescri&ccedil;&atilde;o na programa&ccedil;&atilde;o televisiva brasileira continua gerando pol&ecirc;mica na Justi&ccedil;a. Na semana passada, a Procuradoria-Geral da Rep&uacute;blica (PGR) encaminhou parecer sobre o assunto ao Supremo Tribunal Federal (STF), onde tramita uma a&ccedil;&atilde;o movida por entidades civis para que o sistema de acessibilidade aos portadores de defici&ecirc;ncia visual seja institu&iacute;do imediatamente na televis&atilde;o &hellip; <a href=\"https:\/\/obscom.intervozes.org.br\/?p=24947\" class=\"more-link\">Continue lendo <span class=\"screen-reader-text\">PGR quer implementa\u00e7\u00e3o imediata da audiodescri\u00e7\u00e3o<\/span> <span class=\"meta-nav\">&rarr;<\/span><\/a><\/p>\n","protected":false},"author":1,"featured_media":0,"comment_status":"open","ping_status":"open","sticky":false,"template":"","format":"standard","meta":{"footnotes":""},"categories":[40],"tags":[890],"_links":{"self":[{"href":"https:\/\/obscom.intervozes.org.br\/index.php?rest_route=\/wp\/v2\/posts\/24947"}],"collection":[{"href":"https:\/\/obscom.intervozes.org.br\/index.php?rest_route=\/wp\/v2\/posts"}],"about":[{"href":"https:\/\/obscom.intervozes.org.br\/index.php?rest_route=\/wp\/v2\/types\/post"}],"author":[{"embeddable":true,"href":"https:\/\/obscom.intervozes.org.br\/index.php?rest_route=\/wp\/v2\/users\/1"}],"replies":[{"embeddable":true,"href":"https:\/\/obscom.intervozes.org.br\/index.php?rest_route=%2Fwp%2Fv2%2Fcomments&post=24947"}],"version-history":[{"count":0,"href":"https:\/\/obscom.intervozes.org.br\/index.php?rest_route=\/wp\/v2\/posts\/24947\/revisions"}],"wp:attachment":[{"href":"https:\/\/obscom.intervozes.org.br\/index.php?rest_route=%2Fwp%2Fv2%2Fmedia&parent=24947"}],"wp:term":[{"taxonomy":"category","embeddable":true,"href":"https:\/\/obscom.intervozes.org.br\/index.php?rest_route=%2Fwp%2Fv2%2Fcategories&post=24947"},{"taxonomy":"post_tag","embeddable":true,"href":"https:\/\/obscom.intervozes.org.br\/index.php?rest_route=%2Fwp%2Fv2%2Ftags&post=24947"}],"curies":[{"name":"wp","href":"https:\/\/api.w.org\/{rel}","templated":true}]}}