{"id":24945,"date":"2010-09-22T11:29:12","date_gmt":"2010-09-22T11:29:12","guid":{"rendered":"https:\/\/obscom.intervozes.org.br\/wordpress\/?p=24945"},"modified":"2010-09-22T11:29:12","modified_gmt":"2010-09-22T11:29:12","slug":"justica-fixa-prazo-para-apreciacao-de-outorgas-de-radios-comunitarias","status":"publish","type":"post","link":"https:\/\/obscom.intervozes.org.br\/?p=24945","title":{"rendered":"Justi\u00e7a fixa prazo para aprecia\u00e7\u00e3o de outorgas de r\u00e1dios comunit\u00e1rias"},"content":{"rendered":"<p>   \t \t \t \t<strong>Reproduzido do TeleS&iacute;ntese <\/strong><\/p>\n<p style=\"margin-bottom: 0cm\" class=\"padrao\">&nbsp;<\/p>\n<p style=\"margin-bottom: 0cm\"><span class=\"padrao\">O Minist&eacute;rio P&uacute;blico Federal no Piau&iacute; (MPF\/PI) conseguiu na Justi&ccedil;a a fixa&ccedil;&atilde;o de prazo de 120 dias para a Uni&atilde;o apreciar os pedidos pendentes de autoriza&ccedil;&atilde;o de funcionamento do servi&ccedil;o de radiodifus&atilde;o comunit&aacute;ria formulados por entidades do estado. Em rela&ccedil;&atilde;o a novos pedidos, a Uni&atilde;o dever&aacute; obedecer ao prazo de 18 meses.<\/p>\n<p>O descumprimento da senten&ccedil;a, segundo o juiz Nazareno C&eacute;sar Moreira Reis, da 1&ordf; Vara Federal do Piau&iacute;, implicar&aacute; multa di&aacute;ria no valor de R$ 5 mil. Isso se dar&aacute; sem preju&iacute;zo das san&ccedil;&otilde;es penais, civis, administrativas e por improbidade a que estar&atilde;o sujeitos os agentes p&uacute;blicos locais, cujo termo se iniciar&aacute; 120 dias ap&oacute;s a publica&ccedil;&atilde;o da senten&ccedil;a, datada de 31 de agosto de 2010. Em caso de aplica&ccedil;&atilde;o de multa, os recursos arrecadados ser&atilde;o revertidos ao Fundo de Defesa Civil dos Direitos Difusos (FDD).<\/p>\n<p>A Justi&ccedil;a acolheu os argumentos do MPF de que a Uni&atilde;o vinha prejudicando o exerc&iacute;cio dos direitos &agrave; comunica&ccedil;&atilde;o ao adiar injustificadamente a aprecia&ccedil;&atilde;o dos pedidos de outorga de radiodifus&atilde;o comunit&aacute;ria, al&eacute;m do prazo razo&aacute;vel exigido pela Constitui&ccedil;&atilde;o Federal. Prova documental apresentada pelo MPF demonstrou para a Justi&ccedil;a que no estado do Piau&iacute;, em julho de 2007, havia 152 entidades que estavam na primeira etapa do procedimento previsto na legisla&ccedil;&atilde;o. Dessas, 34 permaneciam nessa fase desde 1998. <em>(Da Reda&ccedil;&atilde;o)<\/em><\/span><\/p>\n","protected":false},"excerpt":{"rendered":"<p>Reproduzido do TeleS&iacute;ntese &nbsp; O Minist&eacute;rio P&uacute;blico Federal no Piau&iacute; (MPF\/PI) conseguiu na Justi&ccedil;a a fixa&ccedil;&atilde;o de prazo de 120 dias para a Uni&atilde;o apreciar os pedidos pendentes de autoriza&ccedil;&atilde;o de funcionamento do servi&ccedil;o de radiodifus&atilde;o comunit&aacute;ria formulados por entidades do estado. Em rela&ccedil;&atilde;o a novos pedidos, a Uni&atilde;o dever&aacute; obedecer ao prazo de 18 &hellip; <a href=\"https:\/\/obscom.intervozes.org.br\/?p=24945\" class=\"more-link\">Continue lendo <span class=\"screen-reader-text\">Justi\u00e7a fixa prazo para aprecia\u00e7\u00e3o de outorgas de r\u00e1dios comunit\u00e1rias<\/span> <span class=\"meta-nav\">&rarr;<\/span><\/a><\/p>\n","protected":false},"author":1,"featured_media":0,"comment_status":"open","ping_status":"open","sticky":false,"template":"","format":"standard","meta":{"footnotes":""},"categories":[39],"tags":[],"_links":{"self":[{"href":"https:\/\/obscom.intervozes.org.br\/index.php?rest_route=\/wp\/v2\/posts\/24945"}],"collection":[{"href":"https:\/\/obscom.intervozes.org.br\/index.php?rest_route=\/wp\/v2\/posts"}],"about":[{"href":"https:\/\/obscom.intervozes.org.br\/index.php?rest_route=\/wp\/v2\/types\/post"}],"author":[{"embeddable":true,"href":"https:\/\/obscom.intervozes.org.br\/index.php?rest_route=\/wp\/v2\/users\/1"}],"replies":[{"embeddable":true,"href":"https:\/\/obscom.intervozes.org.br\/index.php?rest_route=%2Fwp%2Fv2%2Fcomments&post=24945"}],"version-history":[{"count":0,"href":"https:\/\/obscom.intervozes.org.br\/index.php?rest_route=\/wp\/v2\/posts\/24945\/revisions"}],"wp:attachment":[{"href":"https:\/\/obscom.intervozes.org.br\/index.php?rest_route=%2Fwp%2Fv2%2Fmedia&parent=24945"}],"wp:term":[{"taxonomy":"category","embeddable":true,"href":"https:\/\/obscom.intervozes.org.br\/index.php?rest_route=%2Fwp%2Fv2%2Fcategories&post=24945"},{"taxonomy":"post_tag","embeddable":true,"href":"https:\/\/obscom.intervozes.org.br\/index.php?rest_route=%2Fwp%2Fv2%2Ftags&post=24945"}],"curies":[{"name":"wp","href":"https:\/\/api.w.org\/{rel}","templated":true}]}}