{"id":24943,"date":"2010-09-22T11:00:14","date_gmt":"2010-09-22T11:00:14","guid":{"rendered":"https:\/\/obscom.intervozes.org.br\/wordpress\/?p=24943"},"modified":"2010-09-22T11:00:14","modified_gmt":"2010-09-22T11:00:14","slug":"organizacoes-paulistas-lancam-plataforma-aos-candidatos-de-sp","status":"publish","type":"post","link":"https:\/\/obscom.intervozes.org.br\/?p=24943","title":{"rendered":"Organiza\u00e7\u00f5es paulistas lan\u00e7am plataforma aos candidatos de SP"},"content":{"rendered":"\n<p style=\"margin-bottom: 0cm\" class=\"padrao\"><strong>Reproduzido do site da Frente Paulista pelo Direito &agrave; Comunica&ccedil;&atilde;o e a Liberdade de Express&atilde;o <\/strong><\/p>\n<p style=\"margin-bottom: 0cm\" class=\"padrao\">&nbsp;<\/p>\n<p style=\"margin-bottom: 0cm\" class=\"padrao\">A Frente Paulista pelo Direito &agrave; Comunica&ccedil;&atilde;o e a Liberdade de Express&atilde;o (Frentex) &ndash; articula&ccedil;&atilde;o que re&uacute;ne sindicatos, associa&ccedil;&otilde;es civis, r&aacute;dios comunit&aacute;rias, imprensa alternativa, movimento populares e organiza&ccedil;&otilde;es da sociedade civil &ndash; lan&ccedil;ou na &uacute;ltima ter&ccedil;a-feira (14\/09) uma plataforma com catorze compromissos no campo das comunica&ccedil;&otilde;es a serem assumidos por candidatos de S&atilde;o Paulo ao governo estadual, ao Congresso Nacional e &agrave; Assembl&eacute;ia Legislativa. O documento &eacute; uma iniciativa para incluir no debate eleitoral o tema do direito &agrave; comunica&ccedil;&atilde;o e a liberdade de express&atilde;o, ainda pouco abordado pela maior parte das candidaturas.  <\/p>\n<p style=\"margin-bottom: 0cm\"><span class=\"padrao\"><br \/>A Plataforma Direito &agrave; Comunica&ccedil;&atilde;o e Liberdade de Express&atilde;o Elei&ccedil;&otilde;es 2010 apresenta como compromisso, entre outros pontos, a defesa da regulamenta&ccedil;&atilde;o dos artigos 220, 221 e 223 da Constitui&ccedil;&atilde;o Federal, que tratam da proibi&ccedil;&atilde;o de monop&oacute;lios e oligop&oacute;lios; das finalidades da programa&ccedil;&atilde;o das emissoras de r&aacute;dio e TV, incluindo a regionaliza&ccedil;&atilde;o da produ&ccedil;&atilde;o de conte&uacute;do; e da complementaridade entre os sistemas p&uacute;blico, privado e estatal; o apoio ao desenvolvimento de pol&iacute;ticas de incentivo &agrave; diversidade na m&iacute;dia; a regulamenta&ccedil;&atilde;o do direito de resposta e a defesa do acesso &agrave; banda larga como direito, com a amplia&ccedil;&atilde;o das pol&iacute;ticas de inclus&atilde;o digital.<\/p>\n<p><\/span> <\/p>\n<p style=\"margin-bottom: 0cm\" class=\"padrao\">A &iacute;ntegra do documento est&aacute; dispon&iacute;vel em www.frentex.org. Na mesma p&aacute;gina ser&atilde;o divulgadas as ades&otilde;es dos candidatos que firmarem compromisso com a plataforma. <\/p>\n<p>A Frente Paulista pelo Direito &agrave; Comunica&ccedil;&atilde;o e a Liberdade de Express&atilde;o foi respons&aacute;vel, junto com a Assembl&eacute;ia Legislativa de SP, pela organiza&ccedil;&atilde;o e realiza&ccedil;&atilde;o da etapa estadual da 1&ordf; Confer&ecirc;ncia Nacional de Comunica&ccedil;&atilde;o (Confecom), cuja tem&aacute;tica vem se revelando cada dia mais estrat&eacute;gica para a democracia e o desenvolvimento do pa&iacute;s. <\/p>\n","protected":false},"excerpt":{"rendered":"<p>Reproduzido do site da Frente Paulista pelo Direito &agrave; Comunica&ccedil;&atilde;o e a Liberdade de Express&atilde;o &nbsp; A Frente Paulista pelo Direito &agrave; Comunica&ccedil;&atilde;o e a Liberdade de Express&atilde;o (Frentex) &ndash; articula&ccedil;&atilde;o que re&uacute;ne sindicatos, associa&ccedil;&otilde;es civis, r&aacute;dios comunit&aacute;rias, imprensa alternativa, movimento populares e organiza&ccedil;&otilde;es da sociedade civil &ndash; lan&ccedil;ou na &uacute;ltima ter&ccedil;a-feira (14\/09) uma plataforma &hellip; <a href=\"https:\/\/obscom.intervozes.org.br\/?p=24943\" class=\"more-link\">Continue lendo <span class=\"screen-reader-text\">Organiza\u00e7\u00f5es paulistas lan\u00e7am plataforma aos candidatos de SP<\/span> <span class=\"meta-nav\">&rarr;<\/span><\/a><\/p>\n","protected":false},"author":1,"featured_media":0,"comment_status":"open","ping_status":"open","sticky":false,"template":"","format":"standard","meta":{"footnotes":""},"categories":[39],"tags":[],"_links":{"self":[{"href":"https:\/\/obscom.intervozes.org.br\/index.php?rest_route=\/wp\/v2\/posts\/24943"}],"collection":[{"href":"https:\/\/obscom.intervozes.org.br\/index.php?rest_route=\/wp\/v2\/posts"}],"about":[{"href":"https:\/\/obscom.intervozes.org.br\/index.php?rest_route=\/wp\/v2\/types\/post"}],"author":[{"embeddable":true,"href":"https:\/\/obscom.intervozes.org.br\/index.php?rest_route=\/wp\/v2\/users\/1"}],"replies":[{"embeddable":true,"href":"https:\/\/obscom.intervozes.org.br\/index.php?rest_route=%2Fwp%2Fv2%2Fcomments&post=24943"}],"version-history":[{"count":0,"href":"https:\/\/obscom.intervozes.org.br\/index.php?rest_route=\/wp\/v2\/posts\/24943\/revisions"}],"wp:attachment":[{"href":"https:\/\/obscom.intervozes.org.br\/index.php?rest_route=%2Fwp%2Fv2%2Fmedia&parent=24943"}],"wp:term":[{"taxonomy":"category","embeddable":true,"href":"https:\/\/obscom.intervozes.org.br\/index.php?rest_route=%2Fwp%2Fv2%2Fcategories&post=24943"},{"taxonomy":"post_tag","embeddable":true,"href":"https:\/\/obscom.intervozes.org.br\/index.php?rest_route=%2Fwp%2Fv2%2Ftags&post=24943"}],"curies":[{"name":"wp","href":"https:\/\/api.w.org\/{rel}","templated":true}]}}