{"id":24942,"date":"2010-09-22T10:43:05","date_gmt":"2010-09-22T10:43:05","guid":{"rendered":"https:\/\/obscom.intervozes.org.br\/wordpress\/?p=24942"},"modified":"2010-09-22T10:43:05","modified_gmt":"2010-09-22T10:43:05","slug":"governo-argentino-pede-detencao-de-donos-do-clarin-e-do-la-nacion","status":"publish","type":"post","link":"https:\/\/obscom.intervozes.org.br\/?p=24942","title":{"rendered":"Governo argentino pede deten\u00e7\u00e3o de donos do Clar\u00edn e do La Naci\u00f3n"},"content":{"rendered":"\n<p style=\"margin-bottom: 0cm\" class=\"padrao\"><strong>Reproduzido do Portal Imprensa <\/strong><\/p>\n<p style=\"margin-bottom: 0cm\" class=\"padrao\">&nbsp;<\/p>\n<p style=\"margin-bottom: 0cm\" class=\"padrao\">O governo argentino apresentar&aacute; den&uacute;ncia contra os jornais <em>Clar&iacute;n<\/em> e <em>La Naci&oacute;n<\/em>, aos tribunais de La Plata, por terem sido c&uacute;mplices no sequestro e torturas sofridas por membros da fam&iacute;lia Graiver em novembro de 1976. Os Graiver eram donos da Papel Prensa e venderam suas a&ccedil;&otilde;es aos ve&iacute;culos de imprensa.<\/p>\n<p>Segundo o jornal Perfil, a presidente da Argentina, Cristina Kirchner, incluir&aacute; na den&uacute;ncia um pedido de &quot;imediata deten&ccedil;&atilde;o&quot; da propriet&aacute;ria do Grupo Clar&iacute;n, Hernestina Herrera de Noble; do principal acionista do grupo, H&eacute;ctor Magnetto; e do diretor do La Naci&oacute;n, Bartolom&eacute; Mitre.<\/p>\n<p>Com as den&uacute;ncias, a Casa Rosada defenderia a teoria de que os donos dos jornais oposicionistas seriam c&uacute;mplices de homic&iacute;dio. O governo Kirchner e a vi&uacute;va do antigo dono da Papel Presa, Lidia Papaleo de Graiver, sustentam a ideia de que os jornais agiram em cumplicidade com os militares na d&eacute;cada de 1970 para perseguir a fam&iacute;lia Graiver, que faleceu em um acidente de avi&atilde;o.<\/p>\n<p>Os donos do<em> Clar&iacute;n<\/em> e do <em>La Naci&oacute;n<\/em> tamb&eacute;m ser&atilde;o denunciados pelo governo argentino pelo sequestro e assassinato do advogado Jorge Rubinstein, que representava a fam&iacute;lia Graiver.<\/p>\n<p>Em agosto, Cristina apresentou um relat&oacute;rio acusando os donos dos dois jornais oposicionistas de crimes de lesa-Humanidade, por terem adquirido a&ccedil;&otilde;es da Papel Prensa ilegalmente. A empresa &eacute; a maior produtora de papel-jornal da Argentina, e seus maiores acionistas s&atilde;o o Grupo Clar&iacute;n e o La Naci&oacute;n. <em>(Da Reda&ccedil;&atilde;o)<\/em><\/p>\n","protected":false},"excerpt":{"rendered":"<p>Reproduzido do Portal Imprensa &nbsp; O governo argentino apresentar&aacute; den&uacute;ncia contra os jornais Clar&iacute;n e La Naci&oacute;n, aos tribunais de La Plata, por terem sido c&uacute;mplices no sequestro e torturas sofridas por membros da fam&iacute;lia Graiver em novembro de 1976. Os Graiver eram donos da Papel Prensa e venderam suas a&ccedil;&otilde;es aos ve&iacute;culos de imprensa. &hellip; <a href=\"https:\/\/obscom.intervozes.org.br\/?p=24942\" class=\"more-link\">Continue lendo <span class=\"screen-reader-text\">Governo argentino pede deten\u00e7\u00e3o de donos do Clar\u00edn e do La Naci\u00f3n<\/span> <span class=\"meta-nav\">&rarr;<\/span><\/a><\/p>\n","protected":false},"author":1,"featured_media":0,"comment_status":"open","ping_status":"open","sticky":false,"template":"","format":"standard","meta":{"footnotes":""},"categories":[39],"tags":[],"_links":{"self":[{"href":"https:\/\/obscom.intervozes.org.br\/index.php?rest_route=\/wp\/v2\/posts\/24942"}],"collection":[{"href":"https:\/\/obscom.intervozes.org.br\/index.php?rest_route=\/wp\/v2\/posts"}],"about":[{"href":"https:\/\/obscom.intervozes.org.br\/index.php?rest_route=\/wp\/v2\/types\/post"}],"author":[{"embeddable":true,"href":"https:\/\/obscom.intervozes.org.br\/index.php?rest_route=\/wp\/v2\/users\/1"}],"replies":[{"embeddable":true,"href":"https:\/\/obscom.intervozes.org.br\/index.php?rest_route=%2Fwp%2Fv2%2Fcomments&post=24942"}],"version-history":[{"count":0,"href":"https:\/\/obscom.intervozes.org.br\/index.php?rest_route=\/wp\/v2\/posts\/24942\/revisions"}],"wp:attachment":[{"href":"https:\/\/obscom.intervozes.org.br\/index.php?rest_route=%2Fwp%2Fv2%2Fmedia&parent=24942"}],"wp:term":[{"taxonomy":"category","embeddable":true,"href":"https:\/\/obscom.intervozes.org.br\/index.php?rest_route=%2Fwp%2Fv2%2Fcategories&post=24942"},{"taxonomy":"post_tag","embeddable":true,"href":"https:\/\/obscom.intervozes.org.br\/index.php?rest_route=%2Fwp%2Fv2%2Ftags&post=24942"}],"curies":[{"name":"wp","href":"https:\/\/api.w.org\/{rel}","templated":true}]}}