{"id":24940,"date":"2010-09-21T19:12:54","date_gmt":"2010-09-21T19:12:54","guid":{"rendered":"https:\/\/obscom.intervozes.org.br\/wordpress\/?p=24940"},"modified":"2010-09-21T19:12:54","modified_gmt":"2010-09-21T19:12:54","slug":"governo-apresentara-projeto-de-lei-geral-das-comunicacoes-ainda-este-ano","status":"publish","type":"post","link":"https:\/\/obscom.intervozes.org.br\/?p=24940","title":{"rendered":"Governo apresentar\u00e1 projeto de lei geral das comunica\u00e7\u00f5es ainda este ano"},"content":{"rendered":"<p class=\"padrao\">O presidente da Rep&uacute;blica, Luiz In&aacute;cio Lula da Silva, assinou em julho deste ano um decreto que cria comiss&atilde;o interministerial para apresentar propostas de revis&atilde;o dos marcos regulat&oacute;rios dos servi&ccedil;os de telecomunica&ccedil;&otilde;es e de radiodifus&atilde;o. A ideia &eacute; entregar ao Legislativo at&eacute; dezembro um projeto de lei geral para as comunica&ccedil;&otilde;es, que englobe os dois setores.<\/p>\n<p class=\"padrao\">&nbsp;<\/p>\n<p class=\"padrao\">Para o deputado Paulo Bornhausen (DEM-SC), entretanto, &eacute; imposs&iacute;vel elaborar propostas amadurecidas em um prazo t&atilde;o ex&iacute;guo, principalmente em final de mandato. &ldquo;O grupo de trabalho &eacute; dominado pelo governo. N&atilde;o est&aacute; claro se o setor de radiodifus&atilde;o e a sociedade civil ser&atilde;o ouvidos&rdquo;, diz. A comiss&atilde;o &eacute; composta por representantes da Casa Civil, dos minist&eacute;rios das Comunica&ccedil;&otilde;es e da Fazenda, da Secretaria de Comunica&ccedil;&atilde;o Social da Presid&ecirc;ncia e da Advocacia-Geral da Uni&atilde;o.<\/p>\n<p class=\"padrao\">&nbsp;<\/p>\n<p class=\"padrao\">J&aacute; a deputada Luiza Erundina (PSB-SP) considera a iniciativa positiva e diz que ser&aacute; um avan&ccedil;o se o Executivo, de fato, encaminhar o projeto de lei. &ldquo;Caber&aacute; ao pr&oacute;ximo Congresso fazer a sua parte&rdquo;, afirma. Segundo Erundina, os textos em tramita&ccedil;&atilde;o hoje que buscam atualizar o marco legal sobre a TV n&atilde;o t&ecirc;m recebido a devida aten&ccedil;&atilde;o dos parlamentares.<\/p>\n<p class=\"padrao\">&nbsp;<\/p>\n<p class=\"padrao\"><strong>Converg&ecirc;ncia tecnol&oacute;gica<\/strong><\/p>\n<p class=\"padrao\">&nbsp;<\/p>\n<p class=\"padrao\">O professor da Universidade de Bras&iacute;lia (UnB) Murilo Ramos, que j&aacute; foi ouvido pela comiss&atilde;o interministerial, defende a proposta de uma lei &uacute;nica para o setor. Segundo ele, a legisla&ccedil;&atilde;o atual para as comunica&ccedil;&otilde;es est&aacute; fragmentada e dispersa. Ele argumenta que o cen&aacute;rio de converg&ecirc;ncia tecnol&oacute;gica demanda uma legisla&ccedil;&atilde;o igualmente convergente, como j&aacute; ocorre em pa&iacute;ses como Estados Unidos e Reino Unido.<\/p>\n<p class=\"padrao\">&nbsp;<\/p>\n<p class=\"padrao\"><strong>Tentativas anteriores<\/strong><\/p>\n<p class=\"padrao\">&nbsp;<\/p>\n<p class=\"padrao\">Esta n&atilde;o &eacute; a primeira vez que o Executivo tenta formular uma nova lei para a televis&atilde;o brasileira. O consultor do Senado Marcus Martins explica, <a href=\"http:\/\/www2.senado.gov.br\/bdsf\/item\/id\/140972\" target=\"_blank\">no estudo<\/a> &ldquo;As recentes tentativas de formula&ccedil;&atilde;o de uma legisla&ccedil;&atilde;o para o audiovisual no Brasil&rdquo;, que os governos Fernando Henrique Cardoso e Lula patrocinaram, com maior ou menor grau de sucesso, uma s&eacute;rie de iniciativas com esse intuito.<\/p>\n<p class=\"padrao\">&nbsp;<\/p>\n<p class=\"padrao\">No governo FHC, foram elaboradas diversas vers&otilde;es de anteprojeto de lei para a chamada Lei de Comunica&ccedil;&atilde;o Eletr&ocirc;nica de Massa, que englobaria todo o segmento de radiodifus&atilde;o (inclusive TV por assinatura). Essa lei instituiria a Ag&ecirc;ncia Nacional de Comunica&ccedil;&otilde;es, para regular e fiscalizar o setor. O texto, entretanto, sequer chegou a ser enviado ao Congresso. Martins explica que a quest&atilde;o mais pol&ecirc;mica &eacute; a defini&ccedil;&atilde;o de regras para o conte&uacute;do da televis&atilde;o, como mecanismos de est&iacute;mulo &agrave; produ&ccedil;&atilde;o regional e independente.<\/p>\n<p class=\"padrao\">&nbsp;<\/p>\n<p class=\"padrao\">J&aacute; no governo Lula, a iniciativa mais concreta foi a elabora&ccedil;&atilde;o, pelo Executivo, do anteprojeto de lei que criava a Ag&ecirc;ncia Nacional do Cinema e do Audiovisual (Ancinav). O texto trazia medidas controversas, como a imposi&ccedil;&atilde;o de limites de propriedade para as emissoras de TV; a taxa&ccedil;&atilde;o da publicidade; e a compet&ecirc;ncia da Ancinav para dispor sobre as atividades de sele&ccedil;&atilde;o e dire&ccedil;&atilde;o da programa&ccedil;&atilde;o. A proposta foi alvo de cr&iacute;ticas severas por parte da m&iacute;dia, que apontou a possibilidade de a ag&ecirc;ncia interferir no conte&uacute;do das empresas de comunica&ccedil;&atilde;o. O anteprojeto, no fim, n&atilde;o foi encaminhado ao Congresso. O governo Lula tamb&eacute;m chegou a criar por duas vezes, em 2005 e 2006, grupos de trabalho para elaborar a Lei de Comunica&ccedil;&atilde;o Eletr&ocirc;nica de Massa, mas os trabalhos n&atilde;o prosperaram.<\/p>\n<p class=\"padrao\">&nbsp;<\/p>\n<p class=\"padrao\">Para Marcus Martins, esses exemplos demonstram as dificuldades que um marco legal desse porte sofre para ser aprovado. O deputado Jorge Bittar (PT-RJ) complementa: &ldquo;H&aacute; uma resist&ecirc;ncia hist&oacute;rica dos radiodifusores em mudar a legisla&ccedil;&atilde;o, de forma a constituir um sistema mais democr&aacute;tico e plural&rdquo;.<\/p>\n","protected":false},"excerpt":{"rendered":"<p>O presidente da Rep&uacute;blica, Luiz In&aacute;cio Lula da Silva, assinou em julho deste ano um decreto que cria comiss&atilde;o interministerial para apresentar propostas de revis&atilde;o dos marcos regulat&oacute;rios dos servi&ccedil;os de telecomunica&ccedil;&otilde;es e de radiodifus&atilde;o. A ideia &eacute; entregar ao Legislativo at&eacute; dezembro um projeto de lei geral para as comunica&ccedil;&otilde;es, que englobe os dois &hellip; <a href=\"https:\/\/obscom.intervozes.org.br\/?p=24940\" class=\"more-link\">Continue lendo <span class=\"screen-reader-text\">Governo apresentar\u00e1 projeto de lei geral das comunica\u00e7\u00f5es ainda este ano<\/span> <span class=\"meta-nav\">&rarr;<\/span><\/a><\/p>\n","protected":false},"author":1,"featured_media":0,"comment_status":"open","ping_status":"open","sticky":false,"template":"","format":"standard","meta":{"footnotes":""},"categories":[40],"tags":[323],"_links":{"self":[{"href":"https:\/\/obscom.intervozes.org.br\/index.php?rest_route=\/wp\/v2\/posts\/24940"}],"collection":[{"href":"https:\/\/obscom.intervozes.org.br\/index.php?rest_route=\/wp\/v2\/posts"}],"about":[{"href":"https:\/\/obscom.intervozes.org.br\/index.php?rest_route=\/wp\/v2\/types\/post"}],"author":[{"embeddable":true,"href":"https:\/\/obscom.intervozes.org.br\/index.php?rest_route=\/wp\/v2\/users\/1"}],"replies":[{"embeddable":true,"href":"https:\/\/obscom.intervozes.org.br\/index.php?rest_route=%2Fwp%2Fv2%2Fcomments&post=24940"}],"version-history":[{"count":0,"href":"https:\/\/obscom.intervozes.org.br\/index.php?rest_route=\/wp\/v2\/posts\/24940\/revisions"}],"wp:attachment":[{"href":"https:\/\/obscom.intervozes.org.br\/index.php?rest_route=%2Fwp%2Fv2%2Fmedia&parent=24940"}],"wp:term":[{"taxonomy":"category","embeddable":true,"href":"https:\/\/obscom.intervozes.org.br\/index.php?rest_route=%2Fwp%2Fv2%2Fcategories&post=24940"},{"taxonomy":"post_tag","embeddable":true,"href":"https:\/\/obscom.intervozes.org.br\/index.php?rest_route=%2Fwp%2Fv2%2Ftags&post=24940"}],"curies":[{"name":"wp","href":"https:\/\/api.w.org\/{rel}","templated":true}]}}