{"id":24938,"date":"2010-09-21T12:54:09","date_gmt":"2010-09-21T12:54:09","guid":{"rendered":"https:\/\/obscom.intervozes.org.br\/wordpress\/?p=24938"},"modified":"2010-09-21T12:54:09","modified_gmt":"2010-09-21T12:54:09","slug":"movimento-dos-sem-midia-entra-com-representacao-contra-globo-e-sbt","status":"publish","type":"post","link":"https:\/\/obscom.intervozes.org.br\/?p=24938","title":{"rendered":"Movimento dos Sem M\u00eddia entra com representa\u00e7\u00e3o contra Globo e SBT"},"content":{"rendered":"<p class=\"padrao\">Na &uacute;ltima quinta-feira (16), a ONG Movimento dos Sem M&iacute;dia (MSM) entrou com representa&ccedil;&atilde;o na Procuradoria Geral Eleitoral contra as emissoras Globo e SBT. O motivo &eacute; a prote&ccedil;&atilde;o de um candidato &agrave; presid&ecirc;ncia em detrimento de outro, praticado por ambas as Tvs, segundo a organiza&ccedil;&atilde;o. A representa&ccedil;&atilde;o cita a viola&ccedil;&atilde;o da Lei 9504\/97, artigo 45, que pro&iacute;be que concess&otilde;es p&uacute;blicas de r&aacute;dio e tev&ecirc; sejam usadas para criticar ou defender candidatos a cargos eletivos.<\/p>\n<p class=\"padrao\">&nbsp;<\/p>\n<p style=\"margin-bottom: 0cm\" class=\"padrao\">&ldquo;Tem uma campanha eleitoral e n&oacute;s temos concess&otilde;es publicas de r&aacute;dio e TV, que pertence a todos, sendo usada em favor do candidato do PSDB, infringindo lei geral das elei&ccedil;&otilde;es, que veda o tratamento privilegiado em concess&otilde;es p&uacute;blicas&rdquo;, disse Eduardo Guimar&atilde;es, editor do Blog da Cidadania e fundador do MSM. <\/p>\n<p style=\"margin-bottom: 0cm\" class=\"padrao\">&nbsp;<\/p>\n<p style=\"margin-bottom: 0cm\" class=\"padrao\">Eduardo e muitos leitores do Blog acreditam que o SBT e a Globo t&ecirc;m mostrado prefer&ecirc;ncia para o candidato Jos&eacute; Serra. A opini&atilde;o do SBT teria sido explicitadamente manifestada no Jornal do SBT, por meio do &acirc;ncora Carlos Nascimento. A ONG transcreveu a entrevista de Nascimento com Dilma Roussef, como esse trecho (grifos originais):<\/p>\n<p style=\"margin-bottom: 0cm\" class=\"padrao\">&nbsp;<\/p>\n<p style=\"margin-bottom: 0cm\" class=\"padrao\"><strong>Nascimento <\/strong><em>&ndash; (&hellip;) que &eacute; uma viola&ccedil;&atilde;o, continuada, de sigilos fiscais de membros do partido advers&aacute;rio dentro da Receita Federal. Se foi o PT ou n&atilde;o foi, &eacute; uma outra hist&oacute;ria. Mas h&aacute; um fato grave. A indigna&ccedil;&atilde;o do candidato Jos&eacute; Serra procede, ele tem raz&atilde;o de estar indignado!<\/em><\/p>\n<p style=\"margin-bottom: 0cm\" class=\"padrao\"><em><br \/>&nbsp;<\/em><\/p>\n<p style=\"margin-bottom: 0cm\" class=\"padrao\">Esse e outros trechos revelam a postura do &acirc;ncora favor&aacute;vel ao tucano. Tamb&eacute;m foi transcrita a entrevista do telejornal com o candidato, e notada diferen&ccedil;a acentuada de tratamento. A representa&ccedil;&atilde;o tamb&eacute;m acusa a Globo News por explicitar prefer&ecirc;ncia por Serra, manifestada em coment&aacute;rio de Merval Pereira, no Jornal das Dez. &ldquo;N&atilde;o pode tomar partido em concess&atilde;o p&uacute;blica. A lei &eacute; correta porque o espectro pertence a todos&rdquo;, diz o blogueiro. A legitimidade da lei residiria na diversidade de posicionamento e opini&atilde;o pol&iacute;tica que existe na sociedade: a concess&atilde;o p&uacute;blica teria de refletir isso.<\/p>\n<p style=\"margin-bottom: 0cm\" class=\"padrao\">&nbsp;<\/p>\n<p style=\"margin-bottom: 0cm\" class=\"padrao\">O <a href=\"http:\/\/www.blogcidadania.com.br\/2010\/09\/integra-da-representacao-do-msm-a-pge\/\" target=\"_blank\">documento protocolado<\/a> tem mais de mil p&aacute;ginas e come&ccedil;ou a ser feito h&aacute; aproximadamente um m&ecirc;s. O seu tamanho se deve aos mais de tr&ecirc;s mil coment&aacute;rios favor&aacute;veis &agrave; representa&ccedil;&atilde;o. Grande parte dos coment&aacute;rios contem CPF e RG do leitor, e conta com acad&ecirc;micos, advogados e ju&iacute;zes, conta Eduardo. <\/p>\n<p style=\"margin-bottom: 0cm\" class=\"padrao\"><span class=\"padrao\"><strong>Pesquisas eleitorais<\/p>\n<p><\/strong><\/span><\/p>\n<p style=\"margin-bottom: 0cm\" class=\"padrao\">Eduardo &eacute; otimista quando questionado sobre a expectativa de resultados da representa&ccedil;&atilde;o. No come&ccedil;o do ano, a ONG teve uma experi&ecirc;ncia positiva com o caso das pesquisas de inten&ccedil;&atilde;o de votos, quando os maiores institutos estavam publicando resultados muito divergentes das inten&ccedil;&otilde;es do eleitorado brasileiro para presidente. Ele disponibilizou no seu blog gr&aacute;ficos comparativos das inten&ccedil;&otilde;es: &ldquo;no dia 23 de abril &eacute; protocolada representa&ccedil;&atilde;o dos Sem M&iacute;dia. As pesquisas seguintes imediatamente convergem. O Datafolha dava diferen&ccedil;a entre Dilma e Serra de 12 pontos percentuais a favor do tucano. Na pesquisa seguinte, depois de duas semanas, essa diferen&ccedil;a desaparece no Datafolha e no Ibope&rdquo;. Devido &agrave; den&uacute;ncia feita, os quatro grandes institutos est&atilde;o sob investiga&ccedil;&atilde;o.<\/p>\n<p style=\"margin-bottom: 0cm\" class=\"padrao\">&nbsp;<\/p>\n<p style=\"margin-bottom: 0cm\" class=\"western\"><span class=\"padrao\">O movimento dos Sem M&iacute;dia, que nasceu em 2007, entende que a imprensa brasileira se transformou em um partido, e como tal age de forma pol&iacute;tico partid&aacute;ria. Uma postura que consideram v&aacute;lida para os meios de comunica&ccedil;&atilde;o totalmente privados (como jornais e revistas), desde que de forma clara, declarando prefer&ecirc;ncia pol&iacute;tica. &ldquo;O que eu quero e tantos outros como eu &eacute; no m&iacute;nimo que tenhamos imprensa que, quando concess&atilde;o p&uacute;blica, seja de todos&rdquo;, cobra Eduardo Guimar&atilde;es.<\/span> <\/p>\n<p style=\"margin-bottom: 0cm\" class=\"western\">&nbsp;<\/p>\n","protected":false},"excerpt":{"rendered":"<p>O blogueiro Eduardo Guimar&atilde;es acusa as emissoras de favorecerem o candidato Jos&eacute; Serra, do PSDB<\/p>\n","protected":false},"author":1,"featured_media":0,"comment_status":"open","ping_status":"open","sticky":false,"template":"","format":"standard","meta":{"footnotes":""},"categories":[40],"tags":[1413],"_links":{"self":[{"href":"https:\/\/obscom.intervozes.org.br\/index.php?rest_route=\/wp\/v2\/posts\/24938"}],"collection":[{"href":"https:\/\/obscom.intervozes.org.br\/index.php?rest_route=\/wp\/v2\/posts"}],"about":[{"href":"https:\/\/obscom.intervozes.org.br\/index.php?rest_route=\/wp\/v2\/types\/post"}],"author":[{"embeddable":true,"href":"https:\/\/obscom.intervozes.org.br\/index.php?rest_route=\/wp\/v2\/users\/1"}],"replies":[{"embeddable":true,"href":"https:\/\/obscom.intervozes.org.br\/index.php?rest_route=%2Fwp%2Fv2%2Fcomments&post=24938"}],"version-history":[{"count":0,"href":"https:\/\/obscom.intervozes.org.br\/index.php?rest_route=\/wp\/v2\/posts\/24938\/revisions"}],"wp:attachment":[{"href":"https:\/\/obscom.intervozes.org.br\/index.php?rest_route=%2Fwp%2Fv2%2Fmedia&parent=24938"}],"wp:term":[{"taxonomy":"category","embeddable":true,"href":"https:\/\/obscom.intervozes.org.br\/index.php?rest_route=%2Fwp%2Fv2%2Fcategories&post=24938"},{"taxonomy":"post_tag","embeddable":true,"href":"https:\/\/obscom.intervozes.org.br\/index.php?rest_route=%2Fwp%2Fv2%2Ftags&post=24938"}],"curies":[{"name":"wp","href":"https:\/\/api.w.org\/{rel}","templated":true}]}}