{"id":24933,"date":"2010-09-16T14:03:51","date_gmt":"2010-09-16T14:03:51","guid":{"rendered":"https:\/\/obscom.intervozes.org.br\/wordpress\/?p=24933"},"modified":"2010-09-16T14:03:51","modified_gmt":"2010-09-16T14:03:51","slug":"pedido-de-indenizacao-de-veja-contra-luis-nassif-e-julgado-improcedente","status":"publish","type":"post","link":"https:\/\/obscom.intervozes.org.br\/?p=24933","title":{"rendered":"Pedido de indeniza\u00e7\u00e3o de Veja contra Luis Nassif \u00e9 julgado improcedente"},"content":{"rendered":"\n<p style=\"margin-bottom: 0cm\" class=\"padrao\"><strong>Reproduzido do Portal Imprensa <\/strong><\/p>\n<p style=\"margin-bottom: 0cm\" class=\"padrao\">&nbsp;<\/p>\n<p style=\"margin-bottom: 0cm\">O juiz Gilberto Ferreira da Cruz, da 1&ordf; Vara C&iacute;vel de S&atilde;o Paulo, considerou improcedente a a&ccedil;&atilde;o de indeniza&ccedil;&atilde;o por danos morais movida pela Editora Abril contra o jornalista Luis Nassif e o portal iG. <\/p>\n<p style=\"margin-bottom: 0cm\">Na a&ccedil;&atilde;o, a Editora questiona s&eacute;rie de artigos e textos intitulada &quot;O Caso de Veja&quot;, veiculada no blog mantido pelo jornalista no IG. A Abril reclamava indeniza&ccedil;&atilde;o de R$ 100 mil do portal e do jornalista e sugeriu, ainda, que os dois fossem multados em R$ 10 mil por dia no caso de publicarem a senten&ccedil;a ou a decis&atilde;o.<\/p>\n<p style=\"margin-bottom: 0cm\">Nos textos, de fevereiro de 2008, Nassif classifica a trajet&oacute;ria recente da revista Veja como &quot;maior fen&ocirc;meno de anti-jornalismo&quot; dos &uacute;ltimos anos, informa o site Expresso da Not&iacute;cia. &quot;Gradativamente, o maior seman&aacute;rio brasileiro foi se transformando em um pasquim sem compromisso com o jornalismo, recorrendo a ataques desqualificadores contra quem atravessasse seu caminho, envolvendo-se em guerras comerciais e aceitando que suas p&aacute;ginas e sites abrigassem mat&eacute;rias e colunas do mais puro esgoto jornal&iacute;stico&quot;, escreveu Nassif em um dos textos.<\/p>\n<p style=\"margin-bottom: 0cm\" class=\"padrao\"><span class=\"padrao\">No entendimento dos desembargadores do Tribunal de Justi&ccedil;a, as observa&ccedil;&otilde;es de Nassif, ainda que carregadas de ju&iacute;zos de valor, fazem parte do of&iacute;cio de articulista. &quot;Opini&otilde;es pessoais do articulista atinentes &agrave; forma de trabalho do demandante e ao seu ju&iacute;zo de valor em rela&ccedil;&atilde;o a certas circunst&acirc;ncias profissionais&quot;, observaram. <em>(Da Reda&ccedil;&atilde;o)<\/em><\/span><\/p><\/p>\n","protected":false},"excerpt":{"rendered":"<p>Reproduzido do Portal Imprensa &nbsp; O juiz Gilberto Ferreira da Cruz, da 1&ordf; Vara C&iacute;vel de S&atilde;o Paulo, considerou improcedente a a&ccedil;&atilde;o de indeniza&ccedil;&atilde;o por danos morais movida pela Editora Abril contra o jornalista Luis Nassif e o portal iG. Na a&ccedil;&atilde;o, a Editora questiona s&eacute;rie de artigos e textos intitulada &quot;O Caso de Veja&quot;, &hellip; <a href=\"https:\/\/obscom.intervozes.org.br\/?p=24933\" class=\"more-link\">Continue lendo <span class=\"screen-reader-text\">Pedido de indeniza\u00e7\u00e3o de Veja contra Luis Nassif \u00e9 julgado improcedente<\/span> <span class=\"meta-nav\">&rarr;<\/span><\/a><\/p>\n","protected":false},"author":1,"featured_media":0,"comment_status":"open","ping_status":"open","sticky":false,"template":"","format":"standard","meta":{"footnotes":""},"categories":[39],"tags":[],"_links":{"self":[{"href":"https:\/\/obscom.intervozes.org.br\/index.php?rest_route=\/wp\/v2\/posts\/24933"}],"collection":[{"href":"https:\/\/obscom.intervozes.org.br\/index.php?rest_route=\/wp\/v2\/posts"}],"about":[{"href":"https:\/\/obscom.intervozes.org.br\/index.php?rest_route=\/wp\/v2\/types\/post"}],"author":[{"embeddable":true,"href":"https:\/\/obscom.intervozes.org.br\/index.php?rest_route=\/wp\/v2\/users\/1"}],"replies":[{"embeddable":true,"href":"https:\/\/obscom.intervozes.org.br\/index.php?rest_route=%2Fwp%2Fv2%2Fcomments&post=24933"}],"version-history":[{"count":0,"href":"https:\/\/obscom.intervozes.org.br\/index.php?rest_route=\/wp\/v2\/posts\/24933\/revisions"}],"wp:attachment":[{"href":"https:\/\/obscom.intervozes.org.br\/index.php?rest_route=%2Fwp%2Fv2%2Fmedia&parent=24933"}],"wp:term":[{"taxonomy":"category","embeddable":true,"href":"https:\/\/obscom.intervozes.org.br\/index.php?rest_route=%2Fwp%2Fv2%2Fcategories&post=24933"},{"taxonomy":"post_tag","embeddable":true,"href":"https:\/\/obscom.intervozes.org.br\/index.php?rest_route=%2Fwp%2Fv2%2Ftags&post=24933"}],"curies":[{"name":"wp","href":"https:\/\/api.w.org\/{rel}","templated":true}]}}