{"id":24930,"date":"2010-09-16T13:53:23","date_gmt":"2010-09-16T13:53:23","guid":{"rendered":"https:\/\/obscom.intervozes.org.br\/wordpress\/?p=24930"},"modified":"2010-09-16T13:53:23","modified_gmt":"2010-09-16T13:53:23","slug":"candidatos-assumem-compromisso-com-democratizacao-da-comunicacao","status":"publish","type":"post","link":"https:\/\/obscom.intervozes.org.br\/?p=24930","title":{"rendered":"Candidatos assumem compromisso com democratiza\u00e7\u00e3o da comunica\u00e7\u00e3o"},"content":{"rendered":"\n<p class=\"padrao\">Nove candidatos a deputado estadual e federal assumiram, em debate realizado no audit&oacute;rio da Biblioteca Municipal de Barra Mansa na noite da &uacute;ltima sexta-feira, dia 10, compromisso com as propostas da Plataforma por uma Comunica&ccedil;&atilde;o Democr&aacute;tica e com a cria&ccedil;&atilde;o da Frente Parlamentar pela Democratiza&ccedil;&atilde;o da Comunica&ccedil;&atilde;o tanto na Assembl&eacute;ia Legislativa do Rio de Janeiro como na C&acirc;mara dos Deputados. O evento foi realizado pelo F&oacute;rum de Comunica&ccedil;&atilde;o Democr&aacute;tica do Sul Fluminense em parceria com o curso de Comunica&ccedil;&atilde;o Social do Centro Universit&aacute;rio de Barra Mansa (UBM).<\/p>\n<p>Participaram do debate os candidatos a deputado estadual In&ecirc;s Pandel&oacute; (PT), Isabel Fraga (PSTU) e Ti&atilde;o Santos (PT) e a deputado federal Paulo Eduardo Gomes (PSOL), Bill (PT), Jair Nogueira Filho (PV) e Taffarel (PT). Os candidatos a deputado estadual Roosevelt Brasil (PMDB) e a deputado federal Paulo C&eacute;sar Baltazar (PRTB) justificaram aus&ecirc;ncia mas enviaram cartas atrav&eacute;s de seus assessores assumindo compromisso com a Plataforma por uma Comunica&ccedil;&atilde;o Democr&aacute;tica. Mais de cem pessoas compareceram ao evento.<\/p>\n<p class=\"padrao\"><em><strong><strong style=\"font-weight: normal\">Compromisso<\/strong><\/strong><\/em><strong><br \/><\/strong><\/p>\n<p class=\"padrao\"><strong><br \/><\/strong>O texto da carta compromisso afirma que &ldquo;n&oacute;s, candidatos e candidatas abaixo relacionados e assinados, manifestamos publicamente o nosso compromisso&nbsp;favor&aacute;vel em rela&ccedil;&atilde;o &agrave;s&nbsp;propostas da Plataforma por uma Comunica&ccedil;&atilde;o Democr&aacute;tica, elaborada pelo F&oacute;rum de Comunica&ccedil;&atilde;o Democr&aacute;tica do Sul Fluminense com refer&ecirc;ncia nas delibera&ccedil;&otilde;es da Confer&ecirc;ncia de Comunica&ccedil;&atilde;o do Sul Fluminense e da I Confer&ecirc;ncia Nacional de Comunica&ccedil;&atilde;o (I Confecom), bem como com a cria&ccedil;&atilde;o de<strong> <\/strong>Frente Parlamentar em Defesa da Democratiza&ccedil;&atilde;o da Comunica&ccedil;&atilde;o nas nossas respectivas Casas Legislativas, importante instrumento de promo&ccedil;&atilde;o de debate permanente do tema e de interlocu&ccedil;&atilde;o privilegiada com a sociedade organizada.&rdquo;<\/p>\n<p>Entre as propostas da Plataforma est&atilde;o a cria&ccedil;&atilde;o de conselhos municipais, Estadual e Nacional de Comunica&ccedil;&atilde;o; a regionaliza&ccedil;&atilde;o e presen&ccedil;a da produ&ccedil;&atilde;o independente no r&aacute;dio e na TV; regulamenta&ccedil;&atilde;o da publicidade infantil e de bebidas alco&oacute;licas; restri&ccedil;&atilde;o ao monop&oacute;lio dos meios de comunica&ccedil;&atilde;o; a defesa dos direitos humanos; e o restabelecimento da obrigatoriedade do diploma para exerc&iacute;cio da profiss&atilde;o de jornalista, entre outras.<\/p>\n<p>Os coordenadores do F&oacute;rum por uma Comunica&ccedil;&atilde;o Democr&aacute;tica do Sul Fluminense anunciaram que a Carta Compromisso permanecer&aacute; aberta a novas ades&otilde;es de candidatos que n&atilde;o puderam comparecer ao debate. Contatos e informa&ccedil;&otilde;es pelo e-mail <a href=\"http:\/\/sulflu.com\/\" target=\"_blank\">sulflu.com<\/a><strong>@<\/strong><a href=\"http:\/\/gmail.com\/\" target=\"_blank\">gmail.com<\/a>. A pr&oacute;xima reuni&atilde;o do F&oacute;rum ser&aacute; realizada no dia 18 de setembro, s&aacute;bado, &agrave;s 14 horas, na C&uacute;ria Diocesana de Volta Redonda, na Vila Santa Cec&iacute;lia.<\/p>\n","protected":false},"excerpt":{"rendered":"<p>Nove candidatos a deputado estadual e federal assumiram, em debate realizado no audit&oacute;rio da Biblioteca Municipal de Barra Mansa na noite da &uacute;ltima sexta-feira, dia 10, compromisso com as propostas da Plataforma por uma Comunica&ccedil;&atilde;o Democr&aacute;tica e com a cria&ccedil;&atilde;o da Frente Parlamentar pela Democratiza&ccedil;&atilde;o da Comunica&ccedil;&atilde;o tanto na Assembl&eacute;ia Legislativa do Rio de Janeiro &hellip; <a href=\"https:\/\/obscom.intervozes.org.br\/?p=24930\" class=\"more-link\">Continue lendo <span class=\"screen-reader-text\">Candidatos assumem compromisso com democratiza\u00e7\u00e3o da comunica\u00e7\u00e3o<\/span> <span class=\"meta-nav\">&rarr;<\/span><\/a><\/p>\n","protected":false},"author":1,"featured_media":0,"comment_status":"open","ping_status":"open","sticky":false,"template":"","format":"standard","meta":{"footnotes":""},"categories":[40],"tags":[1413],"_links":{"self":[{"href":"https:\/\/obscom.intervozes.org.br\/index.php?rest_route=\/wp\/v2\/posts\/24930"}],"collection":[{"href":"https:\/\/obscom.intervozes.org.br\/index.php?rest_route=\/wp\/v2\/posts"}],"about":[{"href":"https:\/\/obscom.intervozes.org.br\/index.php?rest_route=\/wp\/v2\/types\/post"}],"author":[{"embeddable":true,"href":"https:\/\/obscom.intervozes.org.br\/index.php?rest_route=\/wp\/v2\/users\/1"}],"replies":[{"embeddable":true,"href":"https:\/\/obscom.intervozes.org.br\/index.php?rest_route=%2Fwp%2Fv2%2Fcomments&post=24930"}],"version-history":[{"count":0,"href":"https:\/\/obscom.intervozes.org.br\/index.php?rest_route=\/wp\/v2\/posts\/24930\/revisions"}],"wp:attachment":[{"href":"https:\/\/obscom.intervozes.org.br\/index.php?rest_route=%2Fwp%2Fv2%2Fmedia&parent=24930"}],"wp:term":[{"taxonomy":"category","embeddable":true,"href":"https:\/\/obscom.intervozes.org.br\/index.php?rest_route=%2Fwp%2Fv2%2Fcategories&post=24930"},{"taxonomy":"post_tag","embeddable":true,"href":"https:\/\/obscom.intervozes.org.br\/index.php?rest_route=%2Fwp%2Fv2%2Ftags&post=24930"}],"curies":[{"name":"wp","href":"https:\/\/api.w.org\/{rel}","templated":true}]}}