{"id":24914,"date":"2010-09-10T13:23:21","date_gmt":"2010-09-10T13:23:21","guid":{"rendered":"https:\/\/obscom.intervozes.org.br\/wordpress\/?p=24914"},"modified":"2010-09-10T13:23:21","modified_gmt":"2010-09-10T13:23:21","slug":"ministerio-da-cultura-divulga-balanco-de-consulta-publica-da-lei-de-direitos-autorais","status":"publish","type":"post","link":"https:\/\/obscom.intervozes.org.br\/?p=24914","title":{"rendered":"Minist\u00e9rio da Cultura divulga balan\u00e7o de consulta p\u00fablica da Lei de Direitos Autorais"},"content":{"rendered":"<p>   \t \t \t \tp { margin-bottom: 0.21cm; }  <\/p>\n<p style=\"margin-bottom: 0cm\"><span class=\"padrao\">O ministro da Cultura, Juca Ferreira, concedeu coletiva &agrave; imprensa, na manh&atilde; desta quinta-feira, 9 de setembro, em Bras&iacute;lia, para apresentar os resultados da Consulta P&uacute;blica realizada pelo Minist&eacute;rio, sobre a moderniza&ccedil;&atilde;o da Lei de Direito Autoral.<\/p>\n<p><\/span> <\/p>\n<p style=\"margin-bottom: 0cm\"><span class=\"padrao\">Ele apontou a necessidade de transpar&ecirc;ncia no sistema de arrecada&ccedil;&atilde;o e a cria&ccedil;&atilde;o de uma unidade administrativa para media&ccedil;&atilde;o de conflitos, como sendo as principais modifica&ccedil;&otilde;es aprovadas pela sociedade civil, durante a Consulta. Foram destacadas, tamb&eacute;m, solicita&ccedil;&otilde;es de aperfei&ccedil;oamento nos itens que tratam sobre o uso das obras intelectuais para fins educacionais e como recurso criativo, al&eacute;m da necessidade de aprimoramento das propostas da legisla&ccedil;&atilde;o autoral para a &aacute;rea da rede mundial de computadores.<\/p>\n<p><\/span> <\/p>\n<p style=\"margin-bottom: 0cm\"><span class=\"padrao\">Ao todo, foram recebidas 8 mil 431 manifesta&ccedil;&otilde;es durante a Consulta P&uacute;blica, sendo que 7 mil 863 via Internet e outras 568 por meio de documentos impressos ou emails. Deste montante, 58% foram de contribui&ccedil;&otilde;es para o aperfei&ccedil;oamento do texto e 42% apenas de posicionamentos sobre dispositivos apresentados no anteprojeto, sem propostas concretas.<\/p>\n<p><\/span> <\/p>\n<p style=\"margin-bottom: 0cm\"><span class=\"padrao\">Tamb&eacute;m foram detectadas repeti&ccedil;&otilde;es de centenas de participa&ccedil;&otilde;es com um mesmo padr&atilde;o de conte&uacute;do, a partir de poucos endere&ccedil;os IP. &ldquo;Essa &eacute; uma situa&ccedil;&atilde;o que o ambiente virtual permite e que n&oacute;s identificamos como spans, dentro do processo de avalia&ccedil;&atilde;o dos resultados&rdquo;, comentou o ministro.<\/p>\n<p><\/span> <\/p>\n<p style=\"margin-bottom: 0cm\"><span class=\"padrao\">Juca Ferreira disse que a equipe t&eacute;cnica do Minist&eacute;rio da Cultura continuar&aacute; fazendo a an&aacute;lise das contribui&ccedil;&otilde;es, com vistas &agrave; produ&ccedil;&atilde;o de um relat&oacute;rio t&eacute;cnico, que dever&aacute; passar por avalia&ccedil;&otilde;es dentro do governo, antes de ser encaminhado ao Congresso Nacional, ainda este ano.<\/p>\n<p><\/span> <\/p>\n<p style=\"margin-bottom: 0cm\"><span class=\"padrao\">Enfatizou, ainda, a necessidade de harmoniza&ccedil;&atilde;o do direito do autor com o crescimento do acesso do p&uacute;blico &agrave;s obras, como sendo condi&ccedil;&atilde;o fundamental ao desenvolvimento de uma economia da Cultura no Pa&iacute;s e &agrave; consequente melhora na remunera&ccedil;&atilde;o dos criadores.<\/p>\n<p><\/span> <\/p>\n<p style=\"margin-bottom: 0cm\"><span class=\"padrao\">&ldquo;A primeira pesquisa feita com a nova classe m&eacute;dia que est&aacute; surgindo no Brasil (cerca de 30 milh&otilde;es de indiv&iacute;duos), aponta o desejo destas pessoas de terem um lazer de melhor qualidade&rdquo;, comentou. &ldquo;Este &eacute; um combust&iacute;vel importante para o consumo dos bens culturais e para a inclus&atilde;o da boa parte da popula&ccedil;&atilde;o brasileira&rdquo;, complementou.<\/p>\n<p><\/span> <\/p>\n<p style=\"margin-bottom: 0cm\"><span class=\"padrao\">Segundo o ministro, a atual legisla&ccedil;&atilde;o traz algumas ilegitimidades que precisam ser superadas, tais como a regulamenta&ccedil;&atilde;o das c&oacute;pias de material did&aacute;tico e dos downloads da Web, sob pena do Pa&iacute;s ter que passar os pr&oacute;ximos anos correndo atr&aacute;s de alunos que fazem c&oacute;pias de livros ou de jovens que baixam m&uacute;sicas na Internet.<\/p>\n<p><\/span> <\/p>\n<p style=\"margin-bottom: 0cm\"><span class=\"padrao\"><strong>Novo edital<\/strong><\/p>\n<p>Acompanharam o ministro Juca Ferreira na coletiva, o diretor de Direitos Intelectuais do MinC, Marcos Alves de Souza, e o secret&aacute;rio de Pol&iacute;ticas Culturais (SPC\/MinC), Jos&eacute; Luiz Herencia. Respondendo a uma pergunta da imprensa sobre c&oacute;pia reprogr&aacute;fica, Marcos disse que as empresas operadoras das m&aacute;quinas de reprodu&ccedil;&atilde;o t&ecirc;m obriga&ccedil;&atilde;o de remunerar os titulares das obras e que estes devem se organizar em associa&ccedil;&otilde;es coletivas de gest&atilde;o dos direitos autorais, para fiscalizarem o processo.<\/p>\n<p><\/span> <\/p>\n<p style=\"margin-bottom: 0cm\" class=\"padrao\">O secret&aacute;rio Jos&eacute; Luiz Herencia afirmou que o MinC est&aacute; em processo final de elabora&ccedil;&atilde;o de um edital de fortalecimento da gest&atilde;o coletiva. O apoio ser&aacute; dado tanto na forma de informa&ccedil;&otilde;es t&eacute;cnicas como na destina&ccedil;&atilde;o de recursos para a forma&ccedil;&atilde;o destas entidades, principalmente para segmentos de criadores que ainda n&atilde;o est&atilde;o organizados.<\/p>\n","protected":false},"excerpt":{"rendered":"<p>p { margin-bottom: 0.21cm; } O ministro da Cultura, Juca Ferreira, concedeu coletiva &agrave; imprensa, na manh&atilde; desta quinta-feira, 9 de setembro, em Bras&iacute;lia, para apresentar os resultados da Consulta P&uacute;blica realizada pelo Minist&eacute;rio, sobre a moderniza&ccedil;&atilde;o da Lei de Direito Autoral. Ele apontou a necessidade de transpar&ecirc;ncia no sistema de arrecada&ccedil;&atilde;o e a cria&ccedil;&atilde;o &hellip; <a href=\"https:\/\/obscom.intervozes.org.br\/?p=24914\" class=\"more-link\">Continue lendo <span class=\"screen-reader-text\">Minist\u00e9rio da Cultura divulga balan\u00e7o de consulta p\u00fablica da Lei de Direitos Autorais<\/span> <span class=\"meta-nav\">&rarr;<\/span><\/a><\/p>\n","protected":false},"author":1,"featured_media":0,"comment_status":"open","ping_status":"open","sticky":false,"template":"","format":"standard","meta":{"footnotes":""},"categories":[40],"tags":[1405],"_links":{"self":[{"href":"https:\/\/obscom.intervozes.org.br\/index.php?rest_route=\/wp\/v2\/posts\/24914"}],"collection":[{"href":"https:\/\/obscom.intervozes.org.br\/index.php?rest_route=\/wp\/v2\/posts"}],"about":[{"href":"https:\/\/obscom.intervozes.org.br\/index.php?rest_route=\/wp\/v2\/types\/post"}],"author":[{"embeddable":true,"href":"https:\/\/obscom.intervozes.org.br\/index.php?rest_route=\/wp\/v2\/users\/1"}],"replies":[{"embeddable":true,"href":"https:\/\/obscom.intervozes.org.br\/index.php?rest_route=%2Fwp%2Fv2%2Fcomments&post=24914"}],"version-history":[{"count":0,"href":"https:\/\/obscom.intervozes.org.br\/index.php?rest_route=\/wp\/v2\/posts\/24914\/revisions"}],"wp:attachment":[{"href":"https:\/\/obscom.intervozes.org.br\/index.php?rest_route=%2Fwp%2Fv2%2Fmedia&parent=24914"}],"wp:term":[{"taxonomy":"category","embeddable":true,"href":"https:\/\/obscom.intervozes.org.br\/index.php?rest_route=%2Fwp%2Fv2%2Fcategories&post=24914"},{"taxonomy":"post_tag","embeddable":true,"href":"https:\/\/obscom.intervozes.org.br\/index.php?rest_route=%2Fwp%2Fv2%2Ftags&post=24914"}],"curies":[{"name":"wp","href":"https:\/\/api.w.org\/{rel}","templated":true}]}}