{"id":24907,"date":"2010-09-03T17:05:51","date_gmt":"2010-09-03T17:05:51","guid":{"rendered":"https:\/\/obscom.intervozes.org.br\/wordpress\/?p=24907"},"modified":"2010-09-03T17:05:51","modified_gmt":"2010-09-03T17:05:51","slug":"stf-libera-satiras-e-criticas-a-candidatos-no-radio-e-na-tv","status":"publish","type":"post","link":"https:\/\/obscom.intervozes.org.br\/?p=24907","title":{"rendered":"STF libera s\u00e1tiras e cr\u00edticas a candidatos no r\u00e1dio e na TV"},"content":{"rendered":"<p class=\"padrao\">O Supremo Tribunal Federal (STF) decidiu hoje (2), por 6 votos a 3, suspender regras contidas na Lei de Elei&ccedil;&otilde;es que impediam as emissoras de r&aacute;dio e TV de fazer s&aacute;tiras e cr&iacute;ticas a candidatos em per&iacute;odo eleitoral. O resultado confirma a decis&atilde;o individual do relator do caso, ministro Carlos Ayres Britto, que j&aacute; havia suspendido a norma na semana passada.<\/p>\n<p class=\"padrao\">A Lei de Elei&ccedil;&otilde;es foi contestada por meio de a&ccedil;&atilde;o da Associa&ccedil;&atilde;o Brasileira de Emissoras de R&aacute;dio e TV (Abert). A entidade atacava dois incisos contidos em um artigo que faz restri&ccedil;&otilde;es &agrave; programa&ccedil;&atilde;o de emissoras a partir do dia 1&ordm; de julho do ano eleitoral.<\/p>\n<p class=\"padrao\">O primeiro inciso contestado impedia os ve&iacute;culos de &ldquo;usar trucagem, montagem ou outro recurso de &aacute;udio ou v&iacute;deo que, de qualquer forma, degradem ou ridicularizem candidato, partido ou coliga&ccedil;&atilde;o, ou produzir ou veicular programa com esse efeito&rdquo;.<\/p>\n<p class=\"padrao\">O outro inciso contestado proibia as emissoras de difundir opini&atilde;o favor&aacute;vel ou contr&aacute;ria a candidato, partido, coliga&ccedil;&atilde;o, a seus &oacute;rg&atilde;os ou representantes. Foi mantida a primeira parte do inciso, que diz que as emissoras est&atilde;o &ldquo;proibidas de veicular propaganda pol&iacute;tica&rdquo;.<\/p>\n<p class=\"padrao\">O relator Carlos Ayres Britto defendeu a supress&atilde;o das duas regras, conforme a Abert havia proposto. Na opini&atilde;o do ministro, o &uacute;nico impedimento &eacute; a emissora tomar partido de determinado candidato. &ldquo;Nos editoriais, &eacute; poss&iacute;vel fazer coment&aacute;rio cr&iacute;tico, ainda que contundente. O que n&atilde;o pode &eacute; patrocinar candidatura. Para al&eacute;m do factual, os jornalistas podem externar opini&otilde;es no curso do processo eleitoral&rdquo;, disse Ayres Britto.<\/p>\n<p class=\"padrao\">Ele foi acompanhado pelos ministros Carmen L&uacute;cia, Gilmar Mendes, Ellen Gracie, Celso de Mello e Cezar Peluso. Carmen L&uacute;cia afirmou que o inciso que diz respeito &agrave; ridiculariza&ccedil;&atilde;o &eacute; dispens&aacute;vel porque &ldquo;n&atilde;o se pode degradar qualquer pessoa em qualquer momento, n&atilde;o s&oacute; candidato&rdquo;, e que a Constitui&ccedil;&atilde;o d&aacute; garantia de &ldquo;responsabilidade de todos em rela&ccedil;&atilde;o a todos&rdquo;. Para o ministro Celso de Mello, &ldquo;o humor e o riso s&atilde;o saudavelmente subversivos&rdquo;.<\/p>\n<p class=\"padrao\">Votaram contra os ministros Ricardo Lewandowski &ndash; que &eacute; presidente do Tribunal Superior Eleitoral &ndash;, Antonio Dias Toffoli e Marco Aur&eacute;lio Mello. Lewandowski sugeriu que o inciso que impedia a ridiculariza&ccedil;&atilde;o por trucagem ou montagem fosse mantido, com a ressalva de que n&atilde;o se pode interpret&aacute;-lo no sentido de afastar s&aacute;tira nos programas de humor.<\/p>\n<p class=\"padrao\">Lewandowski se disse &quot;perplexo&quot; pelo fato de o assunto vir a tona um m&ecirc;s antes das elei&ccedil;&otilde;es, sendo que a regra est&aacute; em vigor a 13 anos. &quot;O que n&atilde;o se pode &eacute; fazer trucagem, humor pode. Humor sempre foi permitido&quot;, disse o ministro, lembrando que at&eacute; hoje nenhuma condena&ccedil;&atilde;o recaiu sobre emissoras ou jornalistas que tivessem feito cr&iacute;ticas ou humor com candidatos.<\/p>\n<p class=\"padrao\">J&aacute; os ministros Tofolli e Marco Aur&eacute;lio entenderam que os incisos n&atilde;o deveriam ser suprimidos, cabendo, sim, uma nova interpreta&ccedil;&atilde;o aos textos. A ideia com a nova reda&ccedil;&atilde;o, proposta por Marco Aurelio, &eacute; que as emissoras n&atilde;o estariam impedidas de fazer charges humor&iacute;sticas nem cr&iacute;ticas fundamentadas a candidatos, sem tomar partido.<\/p>\n","protected":false},"excerpt":{"rendered":"<p>O Supremo Tribunal Federal (STF) decidiu hoje (2), por 6 votos a 3, suspender regras contidas na Lei de Elei&ccedil;&otilde;es que impediam as emissoras de r&aacute;dio e TV de fazer s&aacute;tiras e cr&iacute;ticas a candidatos em per&iacute;odo eleitoral. O resultado confirma a decis&atilde;o individual do relator do caso, ministro Carlos Ayres Britto, que j&aacute; havia &hellip; <a href=\"https:\/\/obscom.intervozes.org.br\/?p=24907\" class=\"more-link\">Continue lendo <span class=\"screen-reader-text\">STF libera s\u00e1tiras e cr\u00edticas a candidatos no r\u00e1dio e na TV<\/span> <span class=\"meta-nav\">&rarr;<\/span><\/a><\/p>\n","protected":false},"author":1,"featured_media":0,"comment_status":"open","ping_status":"open","sticky":false,"template":"","format":"standard","meta":{"footnotes":""},"categories":[40],"tags":[1402],"_links":{"self":[{"href":"https:\/\/obscom.intervozes.org.br\/index.php?rest_route=\/wp\/v2\/posts\/24907"}],"collection":[{"href":"https:\/\/obscom.intervozes.org.br\/index.php?rest_route=\/wp\/v2\/posts"}],"about":[{"href":"https:\/\/obscom.intervozes.org.br\/index.php?rest_route=\/wp\/v2\/types\/post"}],"author":[{"embeddable":true,"href":"https:\/\/obscom.intervozes.org.br\/index.php?rest_route=\/wp\/v2\/users\/1"}],"replies":[{"embeddable":true,"href":"https:\/\/obscom.intervozes.org.br\/index.php?rest_route=%2Fwp%2Fv2%2Fcomments&post=24907"}],"version-history":[{"count":0,"href":"https:\/\/obscom.intervozes.org.br\/index.php?rest_route=\/wp\/v2\/posts\/24907\/revisions"}],"wp:attachment":[{"href":"https:\/\/obscom.intervozes.org.br\/index.php?rest_route=%2Fwp%2Fv2%2Fmedia&parent=24907"}],"wp:term":[{"taxonomy":"category","embeddable":true,"href":"https:\/\/obscom.intervozes.org.br\/index.php?rest_route=%2Fwp%2Fv2%2Fcategories&post=24907"},{"taxonomy":"post_tag","embeddable":true,"href":"https:\/\/obscom.intervozes.org.br\/index.php?rest_route=%2Fwp%2Fv2%2Ftags&post=24907"}],"curies":[{"name":"wp","href":"https:\/\/api.w.org\/{rel}","templated":true}]}}