{"id":24906,"date":"2010-09-03T13:05:06","date_gmt":"2010-09-03T13:05:06","guid":{"rendered":"https:\/\/obscom.intervozes.org.br\/wordpress\/?p=24906"},"modified":"2010-09-03T13:05:06","modified_gmt":"2010-09-03T13:05:06","slug":"governo-pode-estar-evitando-polemicas-sobre-midia-por-causa-das-eleicoes","status":"publish","type":"post","link":"https:\/\/obscom.intervozes.org.br\/?p=24906","title":{"rendered":"Governo pode estar evitando pol\u00eamicas sobre m\u00eddia por causa das elei\u00e7\u00f5es"},"content":{"rendered":"<p>   \t \t \t \t \t<!-- \t\t@page { margin: 2cm } \t\tP { margin-bottom: 0.21cm } \t--> \t  <\/p>\n<p style=\"margin-bottom: 0cm\" class=\"padrao\">Em semin&aacute;rio realizado em agosto, na Bahia, para discutir a rela&ccedil;&atilde;o da m&iacute;dia com os direitos humanos, o representante da Secretaria Especial de Direitos Humanos da Presid&ecirc;ncia da Rep&uacute;blica, F&aacute;bio Santos, causou inquieta&ccedil;&atilde;o do p&uacute;blico presente ao simplesmente n&atilde;o citar o eixo dedicado &agrave; comunica&ccedil;&atilde;o presente no 3&ordm; Plano Nacional de Direitos Humanos (PNDH-3). O fato pode indicar medo do governo em ser novamente atacado pelos grandes meios de comunica&ccedil;&atilde;o e sofrer alguma baixa na popularidade de sua candidata.  <\/p>\n<p style=\"margin-bottom: 0cm\"> <\/p>\n<p style=\"margin-bottom: 0cm\" class=\"padrao\">Alvo de intensas cr&iacute;ticas dos grandes ve&iacute;culos de comunica&ccedil;&atilde;o do pa&iacute;s, a diretriz 22 do PNDH-3, que trata da m&iacute;dia, inicialmente se focou no direito &agrave; comunica&ccedil;&atilde;o e nas estrat&eacute;gias para regulamentar o Artigo 221 da Constitui&ccedil;&atilde;o Federal. Advert&ecirc;ncias, multas e at&eacute; cassa&ccedil;&atilde;o de concess&otilde;es de radiodifus&atilde;o em caso de viola&ccedil;&atilde;o aos direitos humanos eram inclu&iacute;das como a&ccedil;&otilde;es do Plano. Por&eacute;m, ap&oacute;s um rec&uacute;o do governo, o termo regulamenta&ccedil;&atilde;o foi retirado, bem como as possibilidades de puni&ccedil;&otilde;es e estrat&eacute;gias de ranqueamento das principais viola&ccedil;&otilde;es. <\/p>\n<p style=\"margin-bottom: 0cm\"> <\/p>\n<p style=\"margin-bottom: 0cm\" class=\"padrao\">Posteriormente, a candidata Dilma Roussef (PT) retirou do programa os pontos que abordavam o controle social e an&aacute;lises como: &quot;a maioria da popula&ccedil;&atilde;o conta, como &uacute;nico ve&iacute;culo cultural e de informa&ccedil;&atilde;o, com as cadeias de r&aacute;dio e de televis&atilde;o, pouco afeitas &agrave; qualidade, ao pluralismo, ao debate democr&aacute;tico&quot;. Nas elei&ccedil;&otilde;es 2010, os ve&iacute;culos de comunica&ccedil;&atilde;o tradicionais e o principal oponente de Dilma, Jos&eacute; Serra (PSDB), acusam a candidata e o Governo Federal de cercear a liberdade de imprensa. (Governo recua em a&ccedil;&otilde;es relacionadas &agrave; m&iacute;dia)<\/p>\n<p style=\"margin-bottom: 0cm\"> <\/p>\n<p style=\"margin-bottom: 0cm\" class=\"padrao\">Presente na mesa do semin&aacute;rio, Edgard Rebou&ccedil;as, professor da Universidade Federal do Espir&iacute;to Santo (Ufes), ressaltou que o controle social fica ref&eacute;m das grandes corpora&ccedil;&otilde;es e cobrou uma postura diferente do governo: &quot;A diretriz 22 foi t&atilde;o batida e estropiada pela grande m&iacute;dia nacional. Vamos cobrar que o governo assuma a diretriz 22, para virar participa&ccedil;&atilde;o da sociedade&quot;, disse ele.<\/p>\n","protected":false},"excerpt":{"rendered":"<p>Em semin&aacute;rio realizado em agosto, na Bahia, para discutir a rela&ccedil;&atilde;o da m&iacute;dia com os direitos humanos, o representante da Secretaria Especial de Direitos Humanos da Presid&ecirc;ncia da Rep&uacute;blica, F&aacute;bio Santos, causou inquieta&ccedil;&atilde;o do p&uacute;blico presente ao simplesmente n&atilde;o citar o eixo dedicado &agrave; comunica&ccedil;&atilde;o presente no 3&ordm; Plano Nacional de Direitos Humanos (PNDH-3). O &hellip; <a href=\"https:\/\/obscom.intervozes.org.br\/?p=24906\" class=\"more-link\">Continue lendo <span class=\"screen-reader-text\">Governo pode estar evitando pol\u00eamicas sobre m\u00eddia por causa das elei\u00e7\u00f5es<\/span> <span class=\"meta-nav\">&rarr;<\/span><\/a><\/p>\n","protected":false},"author":1,"featured_media":0,"comment_status":"open","ping_status":"open","sticky":false,"template":"","format":"standard","meta":{"footnotes":""},"categories":[39],"tags":[],"_links":{"self":[{"href":"https:\/\/obscom.intervozes.org.br\/index.php?rest_route=\/wp\/v2\/posts\/24906"}],"collection":[{"href":"https:\/\/obscom.intervozes.org.br\/index.php?rest_route=\/wp\/v2\/posts"}],"about":[{"href":"https:\/\/obscom.intervozes.org.br\/index.php?rest_route=\/wp\/v2\/types\/post"}],"author":[{"embeddable":true,"href":"https:\/\/obscom.intervozes.org.br\/index.php?rest_route=\/wp\/v2\/users\/1"}],"replies":[{"embeddable":true,"href":"https:\/\/obscom.intervozes.org.br\/index.php?rest_route=%2Fwp%2Fv2%2Fcomments&post=24906"}],"version-history":[{"count":0,"href":"https:\/\/obscom.intervozes.org.br\/index.php?rest_route=\/wp\/v2\/posts\/24906\/revisions"}],"wp:attachment":[{"href":"https:\/\/obscom.intervozes.org.br\/index.php?rest_route=%2Fwp%2Fv2%2Fmedia&parent=24906"}],"wp:term":[{"taxonomy":"category","embeddable":true,"href":"https:\/\/obscom.intervozes.org.br\/index.php?rest_route=%2Fwp%2Fv2%2Fcategories&post=24906"},{"taxonomy":"post_tag","embeddable":true,"href":"https:\/\/obscom.intervozes.org.br\/index.php?rest_route=%2Fwp%2Fv2%2Ftags&post=24906"}],"curies":[{"name":"wp","href":"https:\/\/api.w.org\/{rel}","templated":true}]}}