{"id":24905,"date":"2010-09-03T12:28:35","date_gmt":"2010-09-03T12:28:35","guid":{"rendered":"https:\/\/obscom.intervozes.org.br\/wordpress\/?p=24905"},"modified":"2014-09-07T03:00:48","modified_gmt":"2014-09-07T03:00:48","slug":"observatorios-de-midia-sao-caracteristica-dos-regimes-democraticos","status":"publish","type":"post","link":"https:\/\/obscom.intervozes.org.br\/?p=24905","title":{"rendered":"Observat\u00f3rios de m\u00eddia s\u00e3o caracter\u00edstica dos regimes democr\u00e1ticos"},"content":{"rendered":"<p> \t \t \t \t<!-- \t\t@page { margin: 2cm } \t\tP { margin-bottom: 0.21cm } \t\tA:link { so-language: zxx } \t--> \t  <\/p>\n<p style=\"margin-bottom: 0cm\" class=\"padrao\">O controle social na comunica&ccedil;&atilde;o arregimenta posi&ccedil;&otilde;es contr&aacute;rias de poderosos grupos econ&ocirc;micos e pol&iacute;ticos no Brasil, sob argumento de tra&ccedil;o autorit&aacute;rio na pauta e consequente amea&ccedil;a &agrave; liberdade de express&atilde;o. Por&eacute;m, o tema &eacute; caract&eacute;ristica dos regimes democr&aacute;ticos, em especial via observat&oacute;rios de m&iacute;dia, que crescem paulatinamente sob influ&ecirc;ncia da sociedade civil.Tal defesa foi realizada pelo professor da Universidade Federal do Espir&iacute;to Santo (Ufes) durante o semin&aacute;rio M&iacute;dia e Direitos Humanos do Centro de Comunica&ccedil;&atilde;o, Democracia e Cidadania (CCDC) da Universidade Federal da Bahia, realizado em 26 de agosto deste ano.  <\/p>\n<p style=\"margin-bottom: 0cm\"> <\/p>\n<p style=\"margin-bottom: 0cm\" class=\"padrao\">Rebou&ccedil;as integrou pesquisa sobre os observat&oacute;rios de m&iacute;dia em 23 pa&iacute;ses e catalogou 77 experi&ecirc;ncias, nenhuma em pa&iacute;ses autorit&aacute;rios. O professor, que &eacute; coordenador do Observat&oacute;rio de M&iacute;dia Regional da Ufes, tamb&eacute;m escreveu <a href=\"http:\/\/localhost\/intervozes_direitoacomunicacao\/wordpress\/?p=18417\" target=\"_blank\">artigo<\/a>   publicado na revista RECIIS da Fiocruz (<a href=\"http:\/\/www.reciis.cict.fiocruz.br\/\" target=\"_blank\">http:\/\/www.reciis.cict.fiocruz.br<\/a>) compartilhado com Patr&iacute;cia Cunha da Universidade Federal de Pernambuco (UFPE). O trabalho afirma que o processo de desregulamenta&ccedil;&atilde;o operado pelo Estado e consequente esgar&ccedil;amento da finalidade p&uacute;blica dos meios eletr&ocirc;nicos fortaleceu a mobiliza&ccedil;&atilde;o e interesses dos grupos empresariais favor&aacute;veis &agrave; autorregulamenta&ccedil;&atilde;o.<\/p>\n<p style=\"margin-bottom: 0cm\"> <\/p>\n<p style=\"margin-bottom: 0cm\" class=\"padrao\">O acompanhamento das pol&iacute;ticas p&uacute;blicas, o combate &agrave; concentra&ccedil;&atilde;o midi&aacute;tica, a defesa da informa&ccedil;&atilde;o livre e o acesso &agrave; informa&ccedil;&atilde;o s&atilde;o apontados como alguns dos focos recorrentes dos observat&oacute;rios, sejam de teor democr&aacute;tico revolucion&aacute;rio, reformista ou conservadores. Os observat&oacute;rios surgem ent&atilde;o como alternativa de controle social: &quot;A a&ccedil;&atilde;o dos observat&oacute;rios junto &agrave; m&iacute;dia busca limitar a prioridade econ&ocirc;mica do lucro m&aacute;ximo e tenta instituir o interesse social em seus conte&uacute;dos&quot;, destaca o artigo.<\/p>\n<p style=\"margin-bottom: 0cm\"> <\/p>\n<p style=\"margin-bottom: 0cm\" class=\"padrao\">O aprofundamento da vida p&uacute;blica via participa&ccedil;&atilde;o social nos observat&oacute;rios &eacute; atestado pelo fato de os pa&iacute;ses com democracias mais tradicionais e consolidadas terem mais recorr&ecirc;ncia na pr&aacute;tica. J&aacute; as experi&ecirc;ncias de cunho fiscalizat&oacute;rio tamb&eacute;m foram identificadas pelos autores no fortalecimento de democracias mais recentes, na promo&ccedil;&atilde;o do pensamento cr&iacute;tico, respeito e educa&ccedil;&atilde;o ao buscar diversifica&ccedil;&atilde;o do conte&uacute;do veiculado, o equil&iacute;brio das fontes, o respeito &agrave;s minorias, a reflex&atilde;o cr&iacute;tica das representa&ccedil;&otilde;es sociais, a desmistifica&ccedil;&atilde;o de estere&oacute;tipos e de reifica&ccedil;&otilde;es.<\/p>\n<p style=\"margin-bottom: 0cm\"> <\/p>\n<p style=\"margin-bottom: 0cm\" class=\"padrao\"><strong>Conceito e atua&ccedil;&atilde;o<\/strong><\/p>\n<p style=\"margin-bottom: 0cm\"> <\/p>\n<p style=\"margin-bottom: 0cm\" class=\"padrao\">Tamb&eacute;m esteve presente na mesa com Edgard Rebou&ccedil;as a professora Cicilia Peruzzo, da Universidade Metodista de S&atilde;o Paulo. Peruzzo fez extensa defesa do direito &agrave; comunica&ccedil;&atilde;o enquanto conquista, os desafios conceituais e as perspectivas nos estudos cient&iacute;ficos. Reconhecida pelos estudos em comunica&ccedil;&atilde;o popular e comunit&aacute;ria, Cicilia resgatou a luta de setores que t&ecirc;m constantemente seus direitos negados pelos meios de comunica&ccedil;&atilde;o, em particular as minorias historicamente discriminadas, e citou exemplos como o da Classifica&ccedil;&atilde;o Indicativa e o caso do direito de resposta conquistado pela sociedade civil contra o extinto programa de Jo&atilde;o Kleber da RedeTV!. Nesses casos, a pesquisadora ressalta que o conceito inicial da liberdade de express&atilde;o e informa&ccedil;&atilde;o foi ampliado com outras dimens&otilde;es mais pr&oacute;ximas aos direitos humanos e a cultura.<\/p>\n<p style=\"margin-bottom: 0cm\"> <\/p>\n<p style=\"margin-bottom: 0cm\" class=\"padrao\">No ambito acad&ecirc;mico, Cicilia atestou que os estudos s&atilde;o pouco apropriados pelas universidades, al&eacute;m de serem dispersos. A revers&atilde;o tem ocorrido num crescimento metodol&oacute;gio via estudos de caso, como os observat&oacute;rios e pesquisas relacionadas aos efeitos da comunica&ccedil;&atilde;o de massa nas crian&ccedil;as e adolescentes. A pesquisadora defende, por&eacute;m, um avan&ccedil;o nas an&aacute;lises de conjunto que resulte num avan&ccedil;o da sociedade e da pauta: &quot;Precisamos de uma produ&ccedil;&atilde;o de conhecimento como forma de cativar a sociedade pelos direitos &agrave; comunica&ccedil;&atilde;o&quot;, pediu Cicilia.<\/p>\n","protected":false},"excerpt":{"rendered":"<p>Pesquisa coordenada pelo pesquisador Edgar Rebou&ccedil;as (Ufes) demonstra que observat&oacute;rios de m&iacute;dia s&atilde;o comuns em pa&iacute;ses democr&aacute;ticos<\/p>\n","protected":false},"author":1,"featured_media":0,"comment_status":"open","ping_status":"open","sticky":false,"template":"","format":"standard","meta":{"footnotes":""},"categories":[40],"tags":[900],"_links":{"self":[{"href":"https:\/\/obscom.intervozes.org.br\/index.php?rest_route=\/wp\/v2\/posts\/24905"}],"collection":[{"href":"https:\/\/obscom.intervozes.org.br\/index.php?rest_route=\/wp\/v2\/posts"}],"about":[{"href":"https:\/\/obscom.intervozes.org.br\/index.php?rest_route=\/wp\/v2\/types\/post"}],"author":[{"embeddable":true,"href":"https:\/\/obscom.intervozes.org.br\/index.php?rest_route=\/wp\/v2\/users\/1"}],"replies":[{"embeddable":true,"href":"https:\/\/obscom.intervozes.org.br\/index.php?rest_route=%2Fwp%2Fv2%2Fcomments&post=24905"}],"version-history":[{"count":1,"href":"https:\/\/obscom.intervozes.org.br\/index.php?rest_route=\/wp\/v2\/posts\/24905\/revisions"}],"predecessor-version":[{"id":28171,"href":"https:\/\/obscom.intervozes.org.br\/index.php?rest_route=\/wp\/v2\/posts\/24905\/revisions\/28171"}],"wp:attachment":[{"href":"https:\/\/obscom.intervozes.org.br\/index.php?rest_route=%2Fwp%2Fv2%2Fmedia&parent=24905"}],"wp:term":[{"taxonomy":"category","embeddable":true,"href":"https:\/\/obscom.intervozes.org.br\/index.php?rest_route=%2Fwp%2Fv2%2Fcategories&post=24905"},{"taxonomy":"post_tag","embeddable":true,"href":"https:\/\/obscom.intervozes.org.br\/index.php?rest_route=%2Fwp%2Fv2%2Ftags&post=24905"}],"curies":[{"name":"wp","href":"https:\/\/api.w.org\/{rel}","templated":true}]}}