{"id":24897,"date":"2010-09-01T15:43:26","date_gmt":"2010-09-01T15:43:26","guid":{"rendered":"https:\/\/obscom.intervozes.org.br\/wordpress\/?p=24897"},"modified":"2010-09-01T15:43:26","modified_gmt":"2010-09-01T15:43:26","slug":"audiencia-do-fantastico-caiu-um-terco-em-dez-anos","status":"publish","type":"post","link":"https:\/\/obscom.intervozes.org.br\/?p=24897","title":{"rendered":"Audi\u00eancia do Fant\u00e1stico caiu um ter\u00e7o em dez anos"},"content":{"rendered":"<p class=\"padrao\"><strong>Reproduzido do IG <\/strong><\/p>\n<p class=\"padrao\">&nbsp;<\/p>\n<p class=\"padrao\">Nas noites de domingo, as revistas eletr&ocirc;nicas mant&ecirc;m sua majestade na televis&atilde;o brasileira, mas o Fant&aacute;stico, rei por d&eacute;cadas, vive uma mar&eacute; de baixa popularidade e v&ecirc; seu trono seriamente amea&ccedil;ado &ndash; foi-se o tempo do fasc&iacute;nio pelas aberturas arrebatadoras e n&uacute;meros musicais.<\/p>\n<p class=\"padrao\">Em 2000, o programa liderava com folga, 34,3 pontos. De 2005 para c&aacute;, desceu degrau atr&aacute;s de degrau at&eacute; outubro do ano passado, quando bateu um recorde: 17,6 pontos, a pior audi&ecirc;ncia de sua hist&oacute;ria. Nos dois &uacute;ltimos domingos, pouco depois de completar 37 anos no ar, o Fant&aacute;stico registrou apenas 19 pontos na Grande S&atilde;o Paulo, voltando a ficar abaixo da barreira dos 20 em meses.<\/p>\n<p class=\"padrao\">Enquanto isso, a Record vai ganhando espa&ccedil;o. Na estreia do Domingo Espetacular, em julho de 2004, a atra&ccedil;&atilde;o tinha na capital paulista 6,5 pontos e o Fant&aacute;stico, 30. Seis anos depois, a Record registra 14 pontos (+115%) e a Globo, 21,4 (-29%). Em outras regi&otilde;es, como Goi&acirc;nia, Fortaleza e Bel&eacute;m, o Domingo Espetacular j&aacute; empata ou vence a disputa.<\/p>\n<p class=\"padrao\"><span class=\"padrao\"><br \/>Na m&eacute;dia do &uacute;ltimo dia 22, a Globo teve 13 pontos de m&eacute;dia e o pior share do ano, sintonizada por apenas 30,8% dos televisores ligados. A Record veio em segundo, com 8 pontos, e o SBT em terceiro, com 7. <em>(Marco Tomazzoni)<\/em><\/span><\/p>\n","protected":false},"excerpt":{"rendered":"<p>Reproduzido do IG &nbsp; Nas noites de domingo, as revistas eletr&ocirc;nicas mant&ecirc;m sua majestade na televis&atilde;o brasileira, mas o Fant&aacute;stico, rei por d&eacute;cadas, vive uma mar&eacute; de baixa popularidade e v&ecirc; seu trono seriamente amea&ccedil;ado &ndash; foi-se o tempo do fasc&iacute;nio pelas aberturas arrebatadoras e n&uacute;meros musicais. Em 2000, o programa liderava com folga, 34,3 &hellip; <a href=\"https:\/\/obscom.intervozes.org.br\/?p=24897\" class=\"more-link\">Continue lendo <span class=\"screen-reader-text\">Audi\u00eancia do Fant\u00e1stico caiu um ter\u00e7o em dez anos<\/span> <span class=\"meta-nav\">&rarr;<\/span><\/a><\/p>\n","protected":false},"author":1,"featured_media":0,"comment_status":"open","ping_status":"open","sticky":false,"template":"","format":"standard","meta":{"footnotes":""},"categories":[39],"tags":[],"_links":{"self":[{"href":"https:\/\/obscom.intervozes.org.br\/index.php?rest_route=\/wp\/v2\/posts\/24897"}],"collection":[{"href":"https:\/\/obscom.intervozes.org.br\/index.php?rest_route=\/wp\/v2\/posts"}],"about":[{"href":"https:\/\/obscom.intervozes.org.br\/index.php?rest_route=\/wp\/v2\/types\/post"}],"author":[{"embeddable":true,"href":"https:\/\/obscom.intervozes.org.br\/index.php?rest_route=\/wp\/v2\/users\/1"}],"replies":[{"embeddable":true,"href":"https:\/\/obscom.intervozes.org.br\/index.php?rest_route=%2Fwp%2Fv2%2Fcomments&post=24897"}],"version-history":[{"count":0,"href":"https:\/\/obscom.intervozes.org.br\/index.php?rest_route=\/wp\/v2\/posts\/24897\/revisions"}],"wp:attachment":[{"href":"https:\/\/obscom.intervozes.org.br\/index.php?rest_route=%2Fwp%2Fv2%2Fmedia&parent=24897"}],"wp:term":[{"taxonomy":"category","embeddable":true,"href":"https:\/\/obscom.intervozes.org.br\/index.php?rest_route=%2Fwp%2Fv2%2Fcategories&post=24897"},{"taxonomy":"post_tag","embeddable":true,"href":"https:\/\/obscom.intervozes.org.br\/index.php?rest_route=%2Fwp%2Fv2%2Ftags&post=24897"}],"curies":[{"name":"wp","href":"https:\/\/api.w.org\/{rel}","templated":true}]}}