{"id":24893,"date":"2010-09-01T14:08:31","date_gmt":"2010-09-01T14:08:31","guid":{"rendered":"https:\/\/obscom.intervozes.org.br\/wordpress\/?p=24893"},"modified":"2014-09-07T03:00:45","modified_gmt":"2014-09-07T03:00:45","slug":"poder-politico-e-religioso-da-sustentacao-aos-programas-policiais-na-bahia","status":"publish","type":"post","link":"https:\/\/obscom.intervozes.org.br\/?p=24893","title":{"rendered":"Poder pol\u00edtico e religioso d\u00e1 sustenta\u00e7\u00e3o aos programas policiais na Bahia"},"content":{"rendered":"<p>   \t \t \t \t \t<!-- \t\t@page { margin: 2cm } \t\tP { margin-bottom: 0.21cm } \t--> \t  <\/p>\n<p style=\"margin-bottom: 0cm\"><span class=\"padrao\">Os dois programas monitorados pelo Centro de Comunica&ccedil;&atilde;o, Democracia e Cidadania da Universidade Federal da Bahia s&atilde;o transmitidos por emissoras com lastros na pol&iacute;tica e religi&atilde;o. O tradicional &quot;coronelismo eletr&ocirc;nico&quot; da TV Aratu (SBT), que exibe o Na Mira, e a emerg&ecirc;ncia do poder religioso neopentecostal da TV Itapoan (Record), que transmite o Se Liga Boc&atilde;o, s&atilde;o armas poderosas para sustentar as constantes viola&ccedil;&otilde;es aos direitos humanos praticadas em suas programa&ccedil;&otilde;es. J&aacute; a audi&ecirc;ncia &eacute; dada por estrat&eacute;gias discursivas fixadas em apresentadores que encarnam personagens constru&iacute;dos para preender aten&ccedil;&atilde;o das crian&ccedil;as e adultos.<\/p>\n<p><\/span> <\/p>\n<p style=\"margin-bottom: 0cm\"><span class=\"padrao\">A TV Aratu pertence &agrave; fam&iacute;lia de Nilo Coelho, ex-governador da Bahia entre 1989 e 1991 e propiet&aacute;rio de extensas fazendas de gado no Sudoeste do Estado. Nilo chegou ao posto de governador como vice de Waldir Pires, que foi compor a chapa presidencial com Ulysses Guimar&atilde;es, em 89. Na &eacute;poca, a Aratu era a retransmissora local da Rede Globo at&eacute; ser substitu&iacute;da pela Rede Bahia ainda 1987, quando o falecido senador Ant&ocirc;nio Carlos Magalh&atilde;es (ACM) era ministro das Comunica&ccedil;&otilde;es e opositor de Nilo Coelho. Hoje no PSDB, Coelho &eacute; candidato a vice-governador na chapa com Paulo Souto (DEM), mas seu prest&iacute;gio n&atilde;o &eacute; o mesmo. Nem o da TV Aratu, que n&atilde;o retomou a dianteira local.<\/p>\n<p><\/span> <\/p>\n<p style=\"margin-bottom: 0cm\"><span class=\"padrao\">O Na Mira foi o carro chefe da emissora at&eacute; maio, quando o apresentador Uziel Bueno deixou a tev&ecirc; e se lan&ccedil;ou como candidato a deputado estadual nas elei&ccedil;&otilde;es deste ano pelo PTN, coligado do candidato a governador Geddel Vieira Lima (PMDB). Bueno &eacute; graduado em jornalismo na UFBA e ascendeu como rep&oacute;rter do Se Liga Boc&atilde;o. Ao deixar de trabalhar na TV, transferiu a vaga para Analice Sales. Por&eacute;m manteve-se o personagem do apresentador justiceiro, vestido com sobretudo preto, gritos, vocabul&aacute;rio chulos e express&otilde;es como &quot;Entre o c&eacute;u o e inferno existe o Na Mira&rdquo;. A imagem baiana criada pelo programa &eacute; de lugar destinado &agrave; fatalidade, principalmente &agrave;queles de cor negra que circulam nos bairros populares. Os apresentadores desafiam o telespectador a enfrentar o mundo do Na Mira: &quot;Aqui n&atilde;o &eacute; show da Xuxa&quot;. <\/p>\n<p><strong>Proselitismo e viol&ecirc;ncia<\/strong><\/p>\n<p><\/span> <\/p>\n<p style=\"margin-bottom: 0cm\"><span class=\"padrao\">A TV Itapoan come&ccedil;a a operar o sinal na d&eacute;cada de 1960 como uma das afiliadas da TV Tupi, sob propriedade dos Di&aacute;rios de Associados, de Assis Chateubriand. As sucessivas crises facilitam venda a um empres&aacute;rio e pol&iacute;tico local, Pedro Ir&uacute;jo. O caminho de estabilidade da Itapoan s&oacute; chega em 1997, quando &eacute; novamente vendida &agrave; Central Record de Comunica&ccedil;&atilde;o, do bispo Edir Macedo. Desde 2007 passou a chamar TV Itapoan\/Record Nordeste e assumiu o posto de central de jornalismo da rede na regi&atilde;o, em especial da Record News. <\/p>\n<p><\/span> <\/p>\n<p style=\"margin-bottom: 0cm\"><span class=\"padrao\">O bispo Marinho &eacute; o respons&aacute;vel pelas orienta&ccedil;&otilde;es da emissora. Marinho &eacute; candidato &agrave; reelei&ccedil;&atilde;o no cargo de deputado federal pelo PP na mesma chapa do governador Jaques Wagner (PT). Desde o segundo turno das elei&ccedil;&otilde;es da capital em 2008, Marinho se aproxima do PT. No per&iacute;odo, foi candidato a vice-prefeito da capital em chapa encabe&ccedil;ada com ACM Neto (DEM). A jun&ccedil;&atilde;o com Neto se deu ap&oacute;s Raimundo Varela, que comanda o principal programa da TV, o Balan&ccedil;o Geral, desistir de disputar as elei&ccedil;&otilde;es para prefeito. Como precau&ccedil;&atilde;o a candidatura de Varela (PRB), a Record contratou Z&eacute; Eduardo, o Boc&atilde;o, da concorrente TV Aratu, para comandar a emissora no hor&aacute;rio do almo&ccedil;o.<\/p>\n<p><\/span> <\/p>\n<p style=\"margin-bottom: 0cm\" class=\"padrao\">O programa Se Liga Boc&atilde;o era apresentado pela TV Aratu e misturava humor grotesco, viol&ecirc;ncia e a&ccedil;&otilde;es assistencialistas. A sa&iacute;da do radialista Z&eacute; Eduardo foi tumultuada, sob acusa&ccedil;&otilde;es de chantagear empres&aacute;rios. Caso n&atilde;o contribu&iacute;ssem financeiramente com o apresentador, tinham seus neg&oacute;cios atacados pelo programa. Al&eacute;m de assumir a TV Itapoan, Boc&atilde;o tamb&eacute;m transferiu sua popularidade para r&aacute;dio Itapoan FM, em especial na cobertura do futebol local.<\/p>\n<p>Na Record, o Se Liga Boc&atilde;o teve audi&ecirc;ncia disputada com o Na Mira, mas ao inv&eacute;s do papel de justiceiro, incorporou o pastor, que escolhe aqueles aptos a serem salvos ou n&atilde;o. A m&uacute;sica &quot;Jesus Cristo&quot; de Roberto Carlos &eacute; a mais tocada na trilha sonora. Em meio &agrave;s cenas de viol&ecirc;ncia, e voc&aacute;bulo menos pejorativo que o concorrente, dinheiro &eacute; ofertado aos ouvintes numa roleta: basta ter sorte e ficar ligado no programa para ganhar.<\/p>\n<p style=\"margin-bottom: 0cm\" class=\"padrao\">&nbsp;<\/p>\n<p style=\"margin-bottom: 0cm\" class=\"padrao\">Veja tamb&eacute;m: <a href=\"http:\/\/localhost\/intervozes_direitoacomunicacao\/wordpress\/?p=24898\" target=\"_blank\">Programas de TV da Bahia violam direitos humanos <\/a> <\/p>\n<p>    \t \t \t \t \t<!-- \t\t@page { margin: 2cm } \t\tP { margin-bottom: 0.21cm } \t--><\/p>\n","protected":false},"excerpt":{"rendered":"<p>As retransmissoras baianas do SBT (TV Aratu) e da Record (TV Itapoan) mant&eacute;m liga&ccedil;&otilde;es com o poder pol&iacute;tico e religioso local e nacional<\/p>\n","protected":false},"author":1,"featured_media":0,"comment_status":"open","ping_status":"open","sticky":false,"template":"","format":"standard","meta":{"footnotes":""},"categories":[40],"tags":[900],"_links":{"self":[{"href":"https:\/\/obscom.intervozes.org.br\/index.php?rest_route=\/wp\/v2\/posts\/24893"}],"collection":[{"href":"https:\/\/obscom.intervozes.org.br\/index.php?rest_route=\/wp\/v2\/posts"}],"about":[{"href":"https:\/\/obscom.intervozes.org.br\/index.php?rest_route=\/wp\/v2\/types\/post"}],"author":[{"embeddable":true,"href":"https:\/\/obscom.intervozes.org.br\/index.php?rest_route=\/wp\/v2\/users\/1"}],"replies":[{"embeddable":true,"href":"https:\/\/obscom.intervozes.org.br\/index.php?rest_route=%2Fwp%2Fv2%2Fcomments&post=24893"}],"version-history":[{"count":1,"href":"https:\/\/obscom.intervozes.org.br\/index.php?rest_route=\/wp\/v2\/posts\/24893\/revisions"}],"predecessor-version":[{"id":28168,"href":"https:\/\/obscom.intervozes.org.br\/index.php?rest_route=\/wp\/v2\/posts\/24893\/revisions\/28168"}],"wp:attachment":[{"href":"https:\/\/obscom.intervozes.org.br\/index.php?rest_route=%2Fwp%2Fv2%2Fmedia&parent=24893"}],"wp:term":[{"taxonomy":"category","embeddable":true,"href":"https:\/\/obscom.intervozes.org.br\/index.php?rest_route=%2Fwp%2Fv2%2Fcategories&post=24893"},{"taxonomy":"post_tag","embeddable":true,"href":"https:\/\/obscom.intervozes.org.br\/index.php?rest_route=%2Fwp%2Fv2%2Ftags&post=24893"}],"curies":[{"name":"wp","href":"https:\/\/api.w.org\/{rel}","templated":true}]}}