{"id":24875,"date":"2010-08-26T12:23:09","date_gmt":"2010-08-26T12:23:09","guid":{"rendered":"https:\/\/obscom.intervozes.org.br\/wordpress\/?p=24875"},"modified":"2010-08-26T12:23:09","modified_gmt":"2010-08-26T12:23:09","slug":"para-teles-oferta-adequada-de-banda-larga-e-quando-o-servico-e-oferecido","status":"publish","type":"post","link":"https:\/\/obscom.intervozes.org.br\/?p=24875","title":{"rendered":"Para teles, &#8220;oferta adequada&#8221; de banda larga \u00e9 quando o servi\u00e7o \u00e9 oferecido"},"content":{"rendered":"<p> \t<!-- \t\t@page { margin: 2cm } \t\tP { margin-bottom: 0.21cm } \t--> \t <\/p>\n<p style=\"margin-bottom: 0cm\" class=\"western\"><span class=\"padrao\"><a name=\"lblTexto2\"><\/a>O debate mais acalorado at&eacute; o momento do F&oacute;rum Brasil Conectado ocorreu nesta quarta-feira, 25, sobre a controv&eacute;rsia defini&ccedil;&atilde;o do que &eacute; uma &quot;oferta adequada&quot; de servi&ccedil;os de banda larga no Brasil. O tema &eacute; pol&ecirc;mico simplesmente porque este &eacute; o caminho previsto na regulamenta&ccedil;&atilde;o do Plano Nacional de Banda Larga para que a Telebr&aacute;s deixe de ser apenas uma operadora de rede para atuar de fato como uma prestadora de servi&ccedil;o ao consumidor final. O decreto n&ordm; 7.175, que implantou o PNBL, cont&eacute;m uma ressalva de que a estatal s&oacute; poder&aacute; oferecer os servi&ccedil;os diretamente quando for verificado que n&atilde;o h&aacute; &quot;oferta adequada&quot; de banda larga por parte do setor privado. <\/p>\n<p>Como j&aacute; era de se esperar, a maioria das associa&ccedil;&otilde;es representativas do setor de telecomunica&ccedil;&otilde;es se op&ocirc;s frontalmente &agrave; ideia de a Telebr&aacute;s ser uma prestadora de servi&ccedil;os. Representantes das teles chegaram a dizer que a empresa estatal n&atilde;o poderia &quot;nunca&quot; concorrer diretamente com as empresas privadas. At&eacute; mesmo a Rede Nacional de Ensino e Pesquisa (RNP), rede p&uacute;blica utilizada por universidades, aderiu &agrave; corrente contr&aacute;ria a uma opera&ccedil;&atilde;o direta da Telebr&aacute;s no mercado de banda larga. Para as teles, onde houver oferta de banda larga, sem importar a que pre&ccedil;o ou velocidade real, haveria &quot;oferta adequada&quot; do servi&ccedil;o. <\/p>\n<p><strong>Atua&ccedil;&atilde;o positiva <\/strong><\/p>\n<p>Por outro lado, entidades de defesa do consumidor como ProTeste e Idec, al&eacute;m de organiza&ccedil;&otilde;es civis como o F&oacute;rum Nacional pela Democratiza&ccedil;&atilde;o da Informa&ccedil;&atilde;o (FNDC), n&atilde;o economizaram na defesa de uma atua&ccedil;&atilde;o mais ampla da estatal onde a concorr&ecirc;ncia ou a oferta do servi&ccedil;o for prec&aacute;ria. Para essas entidades, o crit&eacute;rio da falta de &quot;oferta adequada&quot; pode ser utilizado inclusive em pra&ccedil;as consideradas bem atendidas com servi&ccedil;os de telecomunica&ccedil;&otilde;es, mas que ainda possuem &aacute;reas de exclus&atilde;o digital em periferias, como ocorre em S&atilde;o Paulo, por exemplo. <\/p>\n<p>Apenas representantes do setor de TV por assinatura apostaram em uma postura &quot;meio-termo&quot;, sugerindo que o governo considere as diferen&ccedil;as regionais na aplica&ccedil;&atilde;o do conceito. Todos concordaram apenas em um aspecto: de que a Telebr&aacute;s talvez n&atilde;o tenha f&ocirc;lego para atender sozinha todas as localidades sem Internet em banda larga existentes hoje no Brasil, para al&eacute;m das &aacute;reas onde a oferta pode ser considerada inadequada. <\/p>\n<p><strong>Decis&atilde;o de governo <\/strong><\/p>\n<p>Diante de opini&otilde;es t&atilde;o conflitantes, o Comit&ecirc; Gestor das Pol&iacute;ticas de Inclus&atilde;o Digital (CGPID), respons&aacute;vel pelo controle do PNBL, acabou saindo do encontro refor&ccedil;ado, uma vez que caber&aacute; a ele definir o conceito final do que seria a tal &quot;oferta adequada&quot;. Pelo decreto do PNBL, essa decis&atilde;o j&aacute; seria do CGPID, mas os embates de hoje podem, de certa forma, ter ampliado esse poder pois colocaram o comit&ecirc; em uma posi&ccedil;&atilde;o de &quot;mediador&quot; do conflito. Na pr&aacute;tica, o CGPID poder&aacute; escolher pela defini&ccedil;&atilde;o que mais lhe agrada no contexto do PNBL, uma vez que os diversos segmentos afetados n&atilde;o possuem uma opini&atilde;o consensual sobre o assunto. <\/p>\n<p>A plen&aacute;ria que tratou do tema foi a &uacute;nica at&eacute; agora a n&atilde;o ter um encaminhamento final de novas discuss&otilde;es entre os setores da sociedade, exatamente por conta do poder dado ao comit&ecirc; para resolver a quest&atilde;o. A conclus&atilde;o da plen&aacute;ria acabou sendo organizar as manifesta&ccedil;&otilde;es apresentadas nesta quarta e sinalizar com tr&ecirc;s par&acirc;metros que ser&atilde;o levados em considera&ccedil;&atilde;o na defini&ccedil;&atilde;o da pol&ecirc;mica &quot;oferta adequada&quot;: qualidade, velocidade e pre&ccedil;o. Segundo Arthur Coimbra, membro do CGPID e um dos mediadores do debate, n&atilde;o houve sugest&otilde;es concretas sobre qual seria a velocidade ideal ou o pre&ccedil;o aceit&aacute;vel para a defini&ccedil;&atilde;o desse par&acirc;metro.  <\/span><\/p>\n","protected":false},"excerpt":{"rendered":"<p>O debate mais acalorado at&eacute; o momento do F&oacute;rum Brasil Conectado ocorreu nesta quarta-feira, 25, sobre a controv&eacute;rsia defini&ccedil;&atilde;o do que &eacute; uma &quot;oferta adequada&quot; de servi&ccedil;os de banda larga no Brasil. O tema &eacute; pol&ecirc;mico simplesmente porque este &eacute; o caminho previsto na regulamenta&ccedil;&atilde;o do Plano Nacional de Banda Larga para que a Telebr&aacute;s &hellip; <a href=\"https:\/\/obscom.intervozes.org.br\/?p=24875\" class=\"more-link\">Continue lendo <span class=\"screen-reader-text\">Para teles, &#8220;oferta adequada&#8221; de banda larga \u00e9 quando o servi\u00e7o \u00e9 oferecido<\/span> <span class=\"meta-nav\">&rarr;<\/span><\/a><\/p>\n","protected":false},"author":1,"featured_media":0,"comment_status":"open","ping_status":"open","sticky":false,"template":"","format":"standard","meta":{"footnotes":""},"categories":[40],"tags":[1397],"_links":{"self":[{"href":"https:\/\/obscom.intervozes.org.br\/index.php?rest_route=\/wp\/v2\/posts\/24875"}],"collection":[{"href":"https:\/\/obscom.intervozes.org.br\/index.php?rest_route=\/wp\/v2\/posts"}],"about":[{"href":"https:\/\/obscom.intervozes.org.br\/index.php?rest_route=\/wp\/v2\/types\/post"}],"author":[{"embeddable":true,"href":"https:\/\/obscom.intervozes.org.br\/index.php?rest_route=\/wp\/v2\/users\/1"}],"replies":[{"embeddable":true,"href":"https:\/\/obscom.intervozes.org.br\/index.php?rest_route=%2Fwp%2Fv2%2Fcomments&post=24875"}],"version-history":[{"count":0,"href":"https:\/\/obscom.intervozes.org.br\/index.php?rest_route=\/wp\/v2\/posts\/24875\/revisions"}],"wp:attachment":[{"href":"https:\/\/obscom.intervozes.org.br\/index.php?rest_route=%2Fwp%2Fv2%2Fmedia&parent=24875"}],"wp:term":[{"taxonomy":"category","embeddable":true,"href":"https:\/\/obscom.intervozes.org.br\/index.php?rest_route=%2Fwp%2Fv2%2Fcategories&post=24875"},{"taxonomy":"post_tag","embeddable":true,"href":"https:\/\/obscom.intervozes.org.br\/index.php?rest_route=%2Fwp%2Fv2%2Ftags&post=24875"}],"curies":[{"name":"wp","href":"https:\/\/api.w.org\/{rel}","templated":true}]}}