{"id":24870,"date":"2010-08-26T12:12:52","date_gmt":"2010-08-26T12:12:52","guid":{"rendered":"https:\/\/obscom.intervozes.org.br\/wordpress\/?p=24870"},"modified":"2010-08-26T12:12:52","modified_gmt":"2010-08-26T12:12:52","slug":"abra-quer-conteudo-movel-diferenciado-e-pede-marco-regulatorio-nao-restritivo","status":"publish","type":"post","link":"https:\/\/obscom.intervozes.org.br\/?p=24870","title":{"rendered":"Abra quer conte\u00fado m\u00f3vel diferenciado e pede marco regulat\u00f3rio n\u00e3o-restritivo"},"content":{"rendered":"<p> \t<!-- \t\t@page { margin: 2cm } \t\tP { margin-bottom: 0.21cm } \t--> \t <\/p>\n<p style=\"margin-bottom: 0cm\" class=\"padrao\">Algumas preocupa&ccedil;&otilde;es e demandas da radiodifus&atilde;o foram apontadas nesta quarta, 25, na abertura do Congresso da SET, que acontece esta semana em S&atilde;o Paulo. <\/p>\n<p>O presidente da RedeTV! e da Abra, associa&ccedil;&atilde;o de radiodifusores encabe&ccedil;ada pelo Grupo Bandeirantes e pela RedeTV!, Amilcare Dallevo, foi o mais incisivo ao apontar demandas importantes para o setor. Ele cobrou um marco regulat&oacute;rio para a radiodifus&atilde;o que n&atilde;o &quot;apenas crie restri&ccedil;&otilde;es&quot;. Pelo contr&aacute;rio, este marco deve criar condi&ccedil;&otilde;es para que a televis&atilde;o tenha destaque no cen&aacute;rio convergente. Dallevo cobrou a libera&ccedil;&atilde;o para que a radiodifus&atilde;o possa explorar a mobilidade (sinal 1-Seg) da TV digital com conte&uacute;dos diferenciados, exclusivos para os dispositivos m&oacute;veis e port&aacute;teis. <\/p>\n<p>O secret&aacute;rio de Telecomunica&ccedil;&otilde;es do Minist&eacute;rio das Comunica&ccedil;&otilde;es, Roberto Pinto Martins, concordou. Para ele &eacute; um &quot;desperd&iacute;cio&quot; n&atilde;o poder transmitir uma informa&ccedil;&atilde;o exclusiva para um dispositivo m&oacute;vel. &quot;O momento &eacute; oportuno para fazer esta reflex&atilde;o&quot;, disse. <\/p>\n<p><strong>Financiamento <\/strong><\/p>\n<p>O presidente da Abra tamb&eacute;m reclamou das dificuldades encontradas para conseguir financiamento junto ao BNDES atrav&eacute;s da linha criada para financiar a transi&ccedil;&atilde;o para a TV digital, o ProTVD. Segundo ele, nenhuma empresa consegue aprova&ccedil;&atilde;o na linha. Contudo, em debate sobre a interioriza&ccedil;&atilde;o da TV digital que aconteceu no Congresso da SET, alguns grupos regionais apontaram que conseguiram buscar financiamento junto ao banco estatal, mas n&atilde;o deixaram de apontar dificuldade na aprova&ccedil;&atilde;o de cr&eacute;dito. O assessor especial da Casa Civil, Andr&eacute; Barbosa, em resposta a Dallevo, disse que levar&aacute; ao BNDES as demandas do setor em busca de uma solu&ccedil;&atilde;o.<\/p>\n","protected":false},"excerpt":{"rendered":"<p>Algumas preocupa&ccedil;&otilde;es e demandas da radiodifus&atilde;o foram apontadas nesta quarta, 25, na abertura do Congresso da SET, que acontece esta semana em S&atilde;o Paulo. O presidente da RedeTV! e da Abra, associa&ccedil;&atilde;o de radiodifusores encabe&ccedil;ada pelo Grupo Bandeirantes e pela RedeTV!, Amilcare Dallevo, foi o mais incisivo ao apontar demandas importantes para o setor. Ele &hellip; <a href=\"https:\/\/obscom.intervozes.org.br\/?p=24870\" class=\"more-link\">Continue lendo <span class=\"screen-reader-text\">Abra quer conte\u00fado m\u00f3vel diferenciado e pede marco regulat\u00f3rio n\u00e3o-restritivo<\/span> <span class=\"meta-nav\">&rarr;<\/span><\/a><\/p>\n","protected":false},"author":1,"featured_media":0,"comment_status":"open","ping_status":"open","sticky":false,"template":"","format":"standard","meta":{"footnotes":""},"categories":[40],"tags":[1382],"_links":{"self":[{"href":"https:\/\/obscom.intervozes.org.br\/index.php?rest_route=\/wp\/v2\/posts\/24870"}],"collection":[{"href":"https:\/\/obscom.intervozes.org.br\/index.php?rest_route=\/wp\/v2\/posts"}],"about":[{"href":"https:\/\/obscom.intervozes.org.br\/index.php?rest_route=\/wp\/v2\/types\/post"}],"author":[{"embeddable":true,"href":"https:\/\/obscom.intervozes.org.br\/index.php?rest_route=\/wp\/v2\/users\/1"}],"replies":[{"embeddable":true,"href":"https:\/\/obscom.intervozes.org.br\/index.php?rest_route=%2Fwp%2Fv2%2Fcomments&post=24870"}],"version-history":[{"count":0,"href":"https:\/\/obscom.intervozes.org.br\/index.php?rest_route=\/wp\/v2\/posts\/24870\/revisions"}],"wp:attachment":[{"href":"https:\/\/obscom.intervozes.org.br\/index.php?rest_route=%2Fwp%2Fv2%2Fmedia&parent=24870"}],"wp:term":[{"taxonomy":"category","embeddable":true,"href":"https:\/\/obscom.intervozes.org.br\/index.php?rest_route=%2Fwp%2Fv2%2Fcategories&post=24870"},{"taxonomy":"post_tag","embeddable":true,"href":"https:\/\/obscom.intervozes.org.br\/index.php?rest_route=%2Fwp%2Fv2%2Ftags&post=24870"}],"curies":[{"name":"wp","href":"https:\/\/api.w.org\/{rel}","templated":true}]}}