{"id":24855,"date":"2010-08-24T16:59:07","date_gmt":"2010-08-24T16:59:07","guid":{"rendered":"https:\/\/obscom.intervozes.org.br\/wordpress\/?p=24855"},"modified":"2010-08-24T16:59:07","modified_gmt":"2010-08-24T16:59:07","slug":"erenice-diz-que-pais-tera-novo-pacto-de-telecomunicacoes","status":"publish","type":"post","link":"https:\/\/obscom.intervozes.org.br\/?p=24855","title":{"rendered":"Erenice diz que pa\u00eds ter\u00e1 novo pacto de telecomunica\u00e7\u00f5es"},"content":{"rendered":"<p>   \t \t \t \t \t<!-- \t\t@page { margin: 2cm } \t\tP { margin-bottom: 0.21cm } \t--> \t  <\/p>\n<p style=\"margin-bottom: 0cm\" class=\"padrao\"><strong>Reproduzido do Tele.S&iacute;ntese<\/strong><\/p>\n<p>A ministra-chefe da Casa Civil, Erenice Guerra, disse nesta ter&ccedil;a-feira (24), durante a abertura da 2&ordf; reuni&atilde;o do F&oacute;rum Brasil Conectado, que o governo construir&aacute; um novo pacto para as telecomunica&ccedil;&otilde;es brasileiras, visando &agrave; inclus&atilde;o de milhares de brasileiros das classes de menores rendas, que hoje se tornaram o maior ativo do mercado consumidor, e tamb&eacute;m a realiza&ccedil;&otilde;es de eventos mundiais como a Copa de 2014 e os Jogos Ol&iacute;mpicos, em 2016. &ldquo;O Plano Nacional de banda Larga come&ccedil;ar&aacute; com a modesta velocidade de 512 Kbps, mas esperamos, a partir dele, uma revolu&ccedil;&atilde;o, porque o brasileiro vai querer mais e temos que nos preparar para isso&rdquo;, afirmou.<\/p>\n<p>Erenice esclareceu que a revis&atilde;o do marco legal das telecomunica&ccedil;&otilde;es est&aacute; sendo tratada de forma independente ao PNBL e que o F&oacute;rum Brasil Conectado deve criar as bases para a implanta&ccedil;&atilde;o das a&ccedil;&otilde;es do plano. Ela citou que os debates n&atilde;o devem tratar apenas da inclus&atilde;o digital, mas tamb&eacute;m da expans&atilde;o para a superbanda larga, que precisa come&ccedil;ar a ser planejada. E reafirmou a determina&ccedil;&atilde;o do governo em levar diretamente o servi&ccedil;o de conex&atilde;o &agrave; internet por meio da Telebr&aacute;s aos locais ainda n&atilde;o atendidos.<\/p>\n<p>Para a ministra, o PNBL &eacute; baseado em pilares como investimentos em redes de telecomunica&ccedil;&otilde;es para superar gargalos; na busca da efici&ecirc;ncia, como a utiliza&ccedil;&atilde;o das obras p&uacute;blicas de infraestrutura para ampliar a rede de fibras &oacute;ticas; e na inova&ccedil;&atilde;o e conte&uacute;do, permitindo que os benef&iacute;cios trazidos pelo acesso &agrave; internet sejam apropriados pela popula&ccedil;&atilde;o.<\/p>\n<p>Para os debates da 2&ordf; reuni&atilde;o do F&oacute;rum Brasil Conectado foram inscritos 190 participantes da sociedade civil e governo, nas 11 sess&otilde;es plen&aacute;rias que acontecer&atilde;o at&eacute; quinta-feira (26). Foram apresentadas 196 propostas. <em>(L&uacute;cia Berbert)<\/em><\/p>\n","protected":false},"excerpt":{"rendered":"<p>Reproduzido do Tele.S&iacute;ntese A ministra-chefe da Casa Civil, Erenice Guerra, disse nesta ter&ccedil;a-feira (24), durante a abertura da 2&ordf; reuni&atilde;o do F&oacute;rum Brasil Conectado, que o governo construir&aacute; um novo pacto para as telecomunica&ccedil;&otilde;es brasileiras, visando &agrave; inclus&atilde;o de milhares de brasileiros das classes de menores rendas, que hoje se tornaram o maior ativo do &hellip; <a href=\"https:\/\/obscom.intervozes.org.br\/?p=24855\" class=\"more-link\">Continue lendo <span class=\"screen-reader-text\">Erenice diz que pa\u00eds ter\u00e1 novo pacto de telecomunica\u00e7\u00f5es<\/span> <span class=\"meta-nav\">&rarr;<\/span><\/a><\/p>\n","protected":false},"author":1,"featured_media":0,"comment_status":"open","ping_status":"open","sticky":false,"template":"","format":"standard","meta":{"footnotes":""},"categories":[39],"tags":[],"_links":{"self":[{"href":"https:\/\/obscom.intervozes.org.br\/index.php?rest_route=\/wp\/v2\/posts\/24855"}],"collection":[{"href":"https:\/\/obscom.intervozes.org.br\/index.php?rest_route=\/wp\/v2\/posts"}],"about":[{"href":"https:\/\/obscom.intervozes.org.br\/index.php?rest_route=\/wp\/v2\/types\/post"}],"author":[{"embeddable":true,"href":"https:\/\/obscom.intervozes.org.br\/index.php?rest_route=\/wp\/v2\/users\/1"}],"replies":[{"embeddable":true,"href":"https:\/\/obscom.intervozes.org.br\/index.php?rest_route=%2Fwp%2Fv2%2Fcomments&post=24855"}],"version-history":[{"count":0,"href":"https:\/\/obscom.intervozes.org.br\/index.php?rest_route=\/wp\/v2\/posts\/24855\/revisions"}],"wp:attachment":[{"href":"https:\/\/obscom.intervozes.org.br\/index.php?rest_route=%2Fwp%2Fv2%2Fmedia&parent=24855"}],"wp:term":[{"taxonomy":"category","embeddable":true,"href":"https:\/\/obscom.intervozes.org.br\/index.php?rest_route=%2Fwp%2Fv2%2Fcategories&post=24855"},{"taxonomy":"post_tag","embeddable":true,"href":"https:\/\/obscom.intervozes.org.br\/index.php?rest_route=%2Fwp%2Fv2%2Ftags&post=24855"}],"curies":[{"name":"wp","href":"https:\/\/api.w.org\/{rel}","templated":true}]}}