{"id":24844,"date":"2010-08-20T19:16:49","date_gmt":"2010-08-20T19:16:49","guid":{"rendered":"https:\/\/obscom.intervozes.org.br\/wordpress\/?p=24844"},"modified":"2010-08-20T19:16:49","modified_gmt":"2010-08-20T19:16:49","slug":"34o-congresso-dos-jornalistas-comeca-com-criticas-a-empresarios-e-defesa-do-diploma","status":"publish","type":"post","link":"https:\/\/obscom.intervozes.org.br\/?p=24844","title":{"rendered":"34\u00ba Congresso dos Jornalistas come\u00e7a com cr\u00edticas a empres\u00e1rios e defesa do diploma"},"content":{"rendered":"<p>   \t \t \t \t \t<!-- \t\t@page { margin: 2cm } \t\tP { margin-bottom: 0.21cm } \t--> \t  <\/p>\n<p style=\"margin-bottom: 0cm\" class=\"padrao\">Come&ccedil;ou nesta quarta-feira (18\/8), em Porto Alegre, o 34&ordm; Congresso Nacional dos Jornalistas. A solenidade de abertura, prestigiada por representantes de entidades internacionais da categoria, foi marcada pela cr&iacute;tica ao modelo de jornalismo privado-comercial que est&aacute; em crise e pela defesa da aprova&ccedil;&atilde;o da PEC dos Jornalistas. O congresso se estende at&eacute; o dia 21 de agosto.<\/p>\n<p>Devidamente pilchado ao estilo ga&uacute;cho, o presidente do Sindicato dos Jornalistas do Rio Grande do Sul, Jos&eacute; Nunes, saudou os presentes com um discurso em prosa acompanhado de uma milonga ao fundo. Ele resgatou que, pilchado, defendeu, no congresso anterior, em S&atilde;o Paulo, a candidatura do Rio Grande do Sul para sediar o 34&ordm; Congresso Nacional dos Jornalistas. &ldquo;Nada mais justo do que agora, que estamos em casa, nos indumentarmos devidamente para recepcionar calorosamente, com a for&ccedil;a da cultura ga&uacute;cha, os colegas de todo o pa&iacute;s&rdquo;, disse, destacando a import&acirc;ncia deste evento para a defini&ccedil;&atilde;o das estrat&eacute;gias de luta para fortalecimento da categoria nos pr&oacute;ximos anos.<\/p>\n<p>Gustavo Granero, vice-presidente da Federa&ccedil;&atilde;o Internacional dos Jornalistas (FIJ), Younouss Mjahed, vice-presidente S&ecirc;nior da Federa&ccedil;&atilde;o Internacional dos Jornalistas (FIJ) e presidente do Sindicato dos Jornalistas do Marrocos, e Celso Schr&ouml;der, na condi&ccedil;&atilde;o de presidente da Federa&ccedil;&atilde;o dos Periodistas da Am&eacute;rica Latina e Caribe (Fepalc), deram o tom internacionalista deste 34&ordm; Congresso Nacional dos Jornalistas brasileiros, registrando que este evento est&aacute; sendo acompanhado com grande expectativa pelo movimento sindical internacional da categoria, em fun&ccedil;&atilde;o da crise conjuntural que tamb&eacute;m afeta o Jornalismo. Delega&ccedil;&otilde;es de 15 pa&iacute;ses est&atilde;o participando do 34&ordm; Congresso Nacional dos Jornalistas.<\/p>\n<p>Entre os diversos discursos da solenidade de abertura, o do presidente da FENAJ, S&eacute;rgio Murillo de Andrade, foi o que mais emocionou a plat&eacute;ia. Interrompido por aplausos em diversos momentos de sua fala, ele criticou a postura dos empres&aacute;rios de comunica&ccedil;&atilde;o que insistem em um modelo mercantilista e falido de Jornalismo e na postura empresarial de promover demiss&otilde;es em massa a cada ind&iacute;cio de dificuldades financeiras. &ldquo;A culpa dessas crises n&atilde;o &eacute; dos trabalhadores e dos jornalistas, mas sim dos que sacrificam a fun&ccedil;&atilde;o p&uacute;blica do jornalismo em detrimento de seus lucros&rdquo;, disse.<\/p>\n<p>Murilo tamb&eacute;m rebateu cr&iacute;ticas da Associa&ccedil;&atilde;o Nacional dos Jornais (ANJ), de que &ldquo;setores obscurantistas&rdquo; insistem na proposta de cria&ccedil;&atilde;o do Conselho Federal dos Jornalistas. &ldquo;Eles &eacute; que promovem o obscurantismo ao classificarem de amea&ccedil;a &agrave; liberdade de imprensa qualquer iniciativa de organiza&ccedil;&atilde;o dos jornalistas e de fiscaliza&ccedil;&atilde;o do exerc&iacute;cio regular da profiss&atilde;o&rdquo;, disparou o presidente da FENAJ.<\/p>\n<p>Mais adiante S&eacute;rgio Murillo criticou, tamb&eacute;m, vis&otilde;es pessimistas sobre a irreversibilidade da decis&atilde;o do STF que, em junho de 2009, derrubou a exig&ecirc;ncia do diploma para o exerc&iacute;cio da profiss&atilde;o. &ldquo;Irrevers&iacute;vel &eacute; a morte&rdquo;, sentenciou. Ele destacou movimentos como o dos jornalistas ga&uacute;chos, que conseguiram, junto ao legislativo riograndense, a derrubada do veto da ent&atilde;o governadora Yeda Crusius e aprovar um projeto que assegura a exig&ecirc;ncia do diploma para a contrata&ccedil;&atilde;o de jornalistas no servi&ccedil;o p&uacute;blico e as duas PECs que tramitam na C&acirc;mara e no Senado prevendo o retorno da exig&ecirc;ncia do diploma para o exerc&iacute;cio da profiss&atilde;o. &ldquo;A decis&atilde;o do STF foi equivocada e desastrada. Mas as duas PECs est&atilde;o prontas para vota&ccedil;&atilde;o e, com nossa luta, at&eacute; o final deste ano teremos as duas aprovadas no Congresso Nacional&rdquo;, previu.<\/p>\n","protected":false},"excerpt":{"rendered":"<p>Come&ccedil;ou nesta quarta-feira (18\/8), em Porto Alegre, o 34&ordm; Congresso Nacional dos Jornalistas. A solenidade de abertura, prestigiada por representantes de entidades internacionais da categoria, foi marcada pela cr&iacute;tica ao modelo de jornalismo privado-comercial que est&aacute; em crise e pela defesa da aprova&ccedil;&atilde;o da PEC dos Jornalistas. O congresso se estende at&eacute; o dia 21 &hellip; <a href=\"https:\/\/obscom.intervozes.org.br\/?p=24844\" class=\"more-link\">Continue lendo <span class=\"screen-reader-text\">34\u00ba Congresso dos Jornalistas come\u00e7a com cr\u00edticas a empres\u00e1rios e defesa do diploma<\/span> <span class=\"meta-nav\">&rarr;<\/span><\/a><\/p>\n","protected":false},"author":1,"featured_media":0,"comment_status":"open","ping_status":"open","sticky":false,"template":"","format":"standard","meta":{"footnotes":""},"categories":[40],"tags":[765],"_links":{"self":[{"href":"https:\/\/obscom.intervozes.org.br\/index.php?rest_route=\/wp\/v2\/posts\/24844"}],"collection":[{"href":"https:\/\/obscom.intervozes.org.br\/index.php?rest_route=\/wp\/v2\/posts"}],"about":[{"href":"https:\/\/obscom.intervozes.org.br\/index.php?rest_route=\/wp\/v2\/types\/post"}],"author":[{"embeddable":true,"href":"https:\/\/obscom.intervozes.org.br\/index.php?rest_route=\/wp\/v2\/users\/1"}],"replies":[{"embeddable":true,"href":"https:\/\/obscom.intervozes.org.br\/index.php?rest_route=%2Fwp%2Fv2%2Fcomments&post=24844"}],"version-history":[{"count":0,"href":"https:\/\/obscom.intervozes.org.br\/index.php?rest_route=\/wp\/v2\/posts\/24844\/revisions"}],"wp:attachment":[{"href":"https:\/\/obscom.intervozes.org.br\/index.php?rest_route=%2Fwp%2Fv2%2Fmedia&parent=24844"}],"wp:term":[{"taxonomy":"category","embeddable":true,"href":"https:\/\/obscom.intervozes.org.br\/index.php?rest_route=%2Fwp%2Fv2%2Fcategories&post=24844"},{"taxonomy":"post_tag","embeddable":true,"href":"https:\/\/obscom.intervozes.org.br\/index.php?rest_route=%2Fwp%2Fv2%2Ftags&post=24844"}],"curies":[{"name":"wp","href":"https:\/\/api.w.org\/{rel}","templated":true}]}}