{"id":24843,"date":"2010-08-20T19:04:13","date_gmt":"2010-08-20T19:04:13","guid":{"rendered":"https:\/\/obscom.intervozes.org.br\/wordpress\/?p=24843"},"modified":"2010-08-20T19:04:13","modified_gmt":"2010-08-20T19:04:13","slug":"serra-critica-conferencias-e-politica-de-comunicacao-do-governo-lula","status":"publish","type":"post","link":"https:\/\/obscom.intervozes.org.br\/?p=24843","title":{"rendered":"Serra critica confer\u00eancias e pol\u00edtica de comunica\u00e7\u00e3o do governo Lula"},"content":{"rendered":"<p>   \t \t \t \t \t<!-- \t\t@page { margin: 2cm } \t\tP { margin-bottom: 0.21cm } \t--> \t  <\/p>\n<p style=\"margin-bottom: 0cm\" class=\"western\">Rio de Janeiro &#8211; O candidato do PSDB &agrave; Presid&ecirc;ncia da Rep&uacute;blica, Jos&eacute; Serra, criticou hoje (19) a pol&iacute;tica de comunica&ccedil;&atilde;o do governo do presidente Luiz In&aacute;cio Lula da Silva ao falar no 8&ordm; Congresso Brasileiro de Jornais, na capital fluminense. O evento &eacute; promovido pela Associa&ccedil;&atilde;o Nacional de Jornais (ANJ). Serra afirmou que n&atilde;o h&aacute; nenhum pa&iacute;s que possa ser considerado democr&aacute;tico, sem liberdade de express&atilde;o e de informa&ccedil;&atilde;o. &ldquo;Infelizmente, o Brasil, em mat&eacute;ria de pol&iacute;tica externa, parece ter um especial carinho, uma amizade, por pa&iacute;ses onde essa liberdade n&atilde;o existe&rdquo;, disse.<\/p>\n<p>Segundo o candidato do PSDB, nos &uacute;ltimos anos tem sido usado alguns m&eacute;todos para cercear a liberdade de imprensa. &ldquo;Recentemente, nos &uacute;ltimos anos, tem havido tentativas em tr&ecirc;s modalidades de cercear essa liberdade. A primeira delas utiliza os mesmos instrumentos da democracia: tenta-se fazer por vias legais. Este &eacute; o caso da cria&ccedil;&atilde;o de confer&ecirc;ncias, o conferencismo. S&atilde;o confer&ecirc;ncias, desde logo, pagas com dinheiro p&uacute;blico, pagas com dinheiro de todos os contribuintes&rdquo;, afirmou.<\/p>\n<p>&ldquo;N&oacute;s tivemos tr&ecirc;s delas: a confer&ecirc;ncia de comunica&ccedil;&atilde;o, a confer&ecirc;ncia de direitos humanos e a confer&ecirc;ncia de cultura. E as tr&ecirc;s se voltaram para um controle da nossa imprensa, um cerceamento da liberdade de express&atilde;o e da liberdade de informa&ccedil;&atilde;o. De que maneira? Atrav&eacute;s do controle &#8211; suposto &#8211; da sociedade civil. Quantas pessoas podem ter participado dessas confer&ecirc;ncias, 15 mil, 20 mil? Isso n&atilde;o representa o povo brasileiro. Representa muito mais um partido&rdquo;, completou. <\/p>\n<p>Serra criticou tamb&eacute;m a tentativa de cria&ccedil;&atilde;o do Conselho Federal de Jornalismo, classificado por ele como uma &ldquo;barbaridade&rdquo;, que teria a possibilidade de cassar o exerc&iacute;cio da profiss&atilde;o de jornalistas. O candidato afirmou que o PT chegou a incluir essas quest&otilde;es [de controle da m&iacute;dia] em seu programa de governo. &ldquo;Isso foi aprovado em confer&ecirc;ncia e registrado na Justi&ccedil;a Eleitoral. E n&atilde;o foi por engano. Aquilo foi um programa apresentado e registrado. Inclusive rubricado pela pr&oacute;pria candidata [do PT, Dilma Rousseff]. Se leu ou n&atilde;o, &eacute; um problema de estilo, de relacionamento entre partido e candidatura. N&atilde;o &eacute; de surpreender que possa n&atilde;o ter lido aquilo em detalhe. Mas significava, sem d&uacute;vida nenhuma, um endosso, como sempre significou, &agrave;s posi&ccedil;&otilde;es de controle da imprensa&rdquo;.<\/p>\n<p>Jos&eacute; Serra citou tamb&eacute;m o aspecto econ&ocirc;mico como uma forma de controle da m&iacute;dia pelo governo, por meio da publicidade governamental. &ldquo;Esse &eacute; um instrumento que tem sido utilizado como crit&eacute;rio de manipula&ccedil;&atilde;o que eu nunca vi antes. Eu suspeito tamb&eacute;m que tem um grande componente de intimida&ccedil;&atilde;o nesse caso: amea&ccedil;a de corta isso, suspende aquilo. Nesse caso, parece ser uma loucura com um m&eacute;todo, que se destina a intimidar&rdquo;, disse.<\/p>\n<p>O ex-governador criticou ainda o que chamou de &ldquo;patrulhamento&rdquo;. &ldquo;Para o pessoal que exerce a patrulha, indiretamente comandados pelo PT, o que importa s&atilde;o vers&otilde;es e n&atilde;o fatos objetivos. E isso limita a liberdade de express&atilde;o, que &eacute; feita por uma coa&ccedil;&atilde;o que tem elementos psicol&oacute;gicos&rdquo;, afirmou. &ldquo;Esta estrat&eacute;gia n&atilde;o deixa, tamb&eacute;m, de ser alimentada por recursos p&uacute;blicos. Boa parte, ou alguns, dos blogs sujos mais importantes s&atilde;o mantidos inclusive com recursos dessa TV Brasil, feita para n&atilde;o ter audi&ecirc;ncia, criar empregos &#8211; sem d&uacute;vida &#8211; na &aacute;rea do jornalismo, mas servir como instrumento de poder em mat&eacute;ria de express&atilde;o de informa&ccedil;&atilde;o para um partido basicamente. Financiam tamb&eacute;m, de uma outra maneira, esses blogs que d&atilde;o o norte do patrulhamento para os c&iacute;rculos conc&ecirc;ntricos que v&atilde;o se desdobrando&rdquo;, completou.<\/p>\n<p>Ao fim da sua apresenta&ccedil;&atilde;o, Serra, ao falar com os jornalistas, destacou o seu compromisso com a liberdade de imprensa. &ldquo;Meu compromisso &eacute; com a democracia e n&atilde;o h&aacute; democracia sem liberdade de imprensa, sem liberdade de express&atilde;o e de informa&ccedil;&atilde;o. Eu, na Presid&ecirc;ncia da Rep&uacute;blica, vou respeitar, at&eacute; o fundo da alma, essa liberdade de express&atilde;o e de informa&ccedil;&atilde;o. Porque ela &eacute; a garantia da democracia. N&atilde;o fosse essa liberdade, n&atilde;o teriam sido descobertos mensaleiros, violadores de sigilos, portadores de dinheiro na cueca e muitas outras coisas&rdquo;, disse.<\/p>\n","protected":false},"excerpt":{"rendered":"<p>Rio de Janeiro &#8211; O candidato do PSDB &agrave; Presid&ecirc;ncia da Rep&uacute;blica, Jos&eacute; Serra, criticou hoje (19) a pol&iacute;tica de comunica&ccedil;&atilde;o do governo do presidente Luiz In&aacute;cio Lula da Silva ao falar no 8&ordm; Congresso Brasileiro de Jornais, na capital fluminense. O evento &eacute; promovido pela Associa&ccedil;&atilde;o Nacional de Jornais (ANJ). Serra afirmou que n&atilde;o &hellip; <a href=\"https:\/\/obscom.intervozes.org.br\/?p=24843\" class=\"more-link\">Continue lendo <span class=\"screen-reader-text\">Serra critica confer\u00eancias e pol\u00edtica de comunica\u00e7\u00e3o do governo Lula<\/span> <span class=\"meta-nav\">&rarr;<\/span><\/a><\/p>\n","protected":false},"author":1,"featured_media":0,"comment_status":"open","ping_status":"open","sticky":false,"template":"","format":"standard","meta":{"footnotes":""},"categories":[40],"tags":[717],"_links":{"self":[{"href":"https:\/\/obscom.intervozes.org.br\/index.php?rest_route=\/wp\/v2\/posts\/24843"}],"collection":[{"href":"https:\/\/obscom.intervozes.org.br\/index.php?rest_route=\/wp\/v2\/posts"}],"about":[{"href":"https:\/\/obscom.intervozes.org.br\/index.php?rest_route=\/wp\/v2\/types\/post"}],"author":[{"embeddable":true,"href":"https:\/\/obscom.intervozes.org.br\/index.php?rest_route=\/wp\/v2\/users\/1"}],"replies":[{"embeddable":true,"href":"https:\/\/obscom.intervozes.org.br\/index.php?rest_route=%2Fwp%2Fv2%2Fcomments&post=24843"}],"version-history":[{"count":0,"href":"https:\/\/obscom.intervozes.org.br\/index.php?rest_route=\/wp\/v2\/posts\/24843\/revisions"}],"wp:attachment":[{"href":"https:\/\/obscom.intervozes.org.br\/index.php?rest_route=%2Fwp%2Fv2%2Fmedia&parent=24843"}],"wp:term":[{"taxonomy":"category","embeddable":true,"href":"https:\/\/obscom.intervozes.org.br\/index.php?rest_route=%2Fwp%2Fv2%2Fcategories&post=24843"},{"taxonomy":"post_tag","embeddable":true,"href":"https:\/\/obscom.intervozes.org.br\/index.php?rest_route=%2Fwp%2Fv2%2Ftags&post=24843"}],"curies":[{"name":"wp","href":"https:\/\/api.w.org\/{rel}","templated":true}]}}