{"id":24838,"date":"2010-08-19T15:12:43","date_gmt":"2010-08-19T15:12:43","guid":{"rendered":"https:\/\/obscom.intervozes.org.br\/wordpress\/?p=24838"},"modified":"2010-08-19T15:12:43","modified_gmt":"2010-08-19T15:12:43","slug":"novo-marco-unira-radiodifusao-e-telecomunicacoes-em-uma-unica-lei","status":"publish","type":"post","link":"https:\/\/obscom.intervozes.org.br\/?p=24838","title":{"rendered":"Novo marco unir\u00e1 radiodifus\u00e3o e telecomunica\u00e7\u00f5es em uma \u00fanica lei"},"content":{"rendered":"<p class=\"padrao\"><strong>Reproduzido do TeleS&iacute;ntese <\/strong><\/p>\n<p class=\"padrao\">&nbsp;<\/p>\n<p> <!--  \/* Font Definitions *\/  @font-face \t{font-family:\"Cambria Math\"; \tpanose-1:2 4 5 3 5 4 6 3 2 4; \tmso-font-charset:0; \tmso-generic-font-family:roman; \tmso-font-pitch:variable; \tmso-font-signature:-1610611985 1107304683 0 0 159 0;} @font-face \t{font-family:Calibri; \tpanose-1:2 15 5 2 2 2 4 3 2 4; \tmso-font-charset:0; \tmso-generic-font-family:swiss; \tmso-font-pitch:variable; \tmso-font-signature:-1610611985 1073750139 0 0 159 0;}  \/* Style Definitions *\/  p.MsoNormal, li.MsoNormal, div.MsoNormal \t{mso-style-unhide:no; \tmso-style-qformat:yes; \tmso-style-parent:\"\"; \tmargin-top:0cm; \tmargin-right:0cm; \tmargin-bottom:10.0pt; \tmargin-left:0cm; \tline-height:115%; \tmso-pagination:widow-orphan; \tfont-size:11.0pt; \tfont-family:\"Calibri\",\"sans-serif\"; \tmso-ascii-font-family:Calibri; \tmso-ascii-theme-font:minor-latin; \tmso-fareast-font-family:Calibri; \tmso-fareast-theme-font:minor-latin; \tmso-hansi-font-family:Calibri; \tmso-hansi-theme-font:minor-latin; \tmso-bidi-font-family:\"Times New Roman\"; \tmso-bidi-theme-font:minor-bidi; \tmso-fareast-language:EN-US;} .MsoChpDefault \t{mso-style-type:export-only; \tmso-default-props:yes; \tmso-ascii-font-family:Calibri; \tmso-ascii-theme-font:minor-latin; \tmso-fareast-font-family:Calibri; \tmso-fareast-theme-font:minor-latin; \tmso-hansi-font-family:Calibri; \tmso-hansi-theme-font:minor-latin; \tmso-bidi-font-family:\"Times New Roman\"; \tmso-bidi-theme-font:minor-bidi; \tmso-fareast-language:EN-US;} .MsoPapDefault \t{mso-style-type:export-only; \tmargin-bottom:10.0pt; \tline-height:115%;} @page WordSection1 \t{size:612.0pt 792.0pt; \tmargin:70.85pt 3.0cm 70.85pt 3.0cm; \tmso-header-margin:36.0pt; \tmso-footer-margin:36.0pt; \tmso-paper-source:0;} div.WordSection1 \t{page:WordSection1;} --> <!--[if gte mso 10]> \n\n<style>  \/* Style Definitions *\/  table.MsoNormalTable \t{mso-style-name:\"Tabela normal\"; \tmso-tstyle-rowband-size:0; \tmso-tstyle-colband-size:0; \tmso-style-noshow:yes; \tmso-style-priority:99; \tmso-style-qformat:yes; \tmso-style-parent:\"\"; \tmso-padding-alt:0cm 5.4pt 0cm 5.4pt; \tmso-para-margin-top:0cm; \tmso-para-margin-right:0cm; \tmso-para-margin-bottom:10.0pt; \tmso-para-margin-left:0cm; \tline-height:115%; \tmso-pagination:widow-orphan; \tfont-size:11.0pt; \tfont-family:\"Calibri\",\"sans-serif\"; \tmso-ascii-font-family:Calibri; \tmso-ascii-theme-font:minor-latin; \tmso-hansi-font-family:Calibri; \tmso-hansi-theme-font:minor-latin; \tmso-fareast-language:EN-US;} <\/style>\n\n <![endif]--><\/p>\n<p class=\"padrao\">A comiss&atilde;o interministerial criada para discutir e elaborar uma proposta de novo marco legal para as comunica&ccedil;&otilde;es a ser apresentada ao pr&oacute;ximo governo teve esta semana a sua primeira reuni&atilde;o e j&aacute; definiu algumas estrat&eacute;gias, informam fontes que participaram da reuni&atilde;o.<\/p>\n<p class=\"padrao\">Pretende-se formular um projeto de lei convergente, ou seja, que aborde tanto o setor de radiodifus&atilde;o (cuja legisla&ccedil;&atilde;o data da d&eacute;cada de 60) como o de telecomunica&ccedil;&otilde;es. &Eacute; poss&iacute;vel que seja ainda elaborado um outro projeto, que iria tratar do servi&ccedil;o p&uacute;blico de radiodifus&atilde;o.<\/p>\n<p class=\"padrao\">Al&eacute;m de se buscar uniformizar os dois setores &ndash; algo que foi tentado pelo ex-ministro S&eacute;rgio Motta, durante o governo de Fernando Henrique Cardoso, mas acabou abandonado devido &agrave;s fortes resist&ecirc;ncias do Congresso Nacional &ndash; o grupo de trabalho concordou que a Lei Geral de Telecomunica&ccedil;&otilde;es (que tamb&eacute;m precisa ser atualizada, entende o governo) ser&aacute; o documento base para a formula&ccedil;&atilde;o do novo projeto.<\/p>\n<p class=\"padrao\">O ministro-chefe da Secretaria de Comunica&ccedil;&atilde;o Social, Franklin Martins, &eacute; quem coordena os trabalhos. Fontes do governo afirmam que novas prioridades ministeriais estariam na agenda do PT caso se confirme a vit&oacute;ria de Dilma. E entre essas prioridades estariam o Minist&eacute;rio das Comunica&ccedil;&otilde;es e o da Ci&ecirc;ncia e Tecnologia, duas pastas que, nos &uacute;ltimos oito anos, eram entregues para os partidos da coliga&ccedil;&atilde;o. Embora Martins n&atilde;o seja do PT, ele &eacute; hoje um dos nomes mais fortes do governo Lula e, possivelmente, tamb&eacute;m do de Dilma.<strong> <\/strong><em>(Miriam Aquino)<\/em><\/p>\n<p><strong><br \/><\/strong><\/p>\n<p style=\"margin-bottom: 0.0001pt; line-height: normal\" class=\"MsoNormal\">&nbsp;<\/p>\n","protected":false},"excerpt":{"rendered":"<p>Reproduzido do TeleS&iacute;ntese &nbsp; A comiss&atilde;o interministerial criada para discutir e elaborar uma proposta de novo marco legal para as comunica&ccedil;&otilde;es a ser apresentada ao pr&oacute;ximo governo teve esta semana a sua primeira reuni&atilde;o e j&aacute; definiu algumas estrat&eacute;gias, informam fontes que participaram da reuni&atilde;o. Pretende-se formular um projeto de lei convergente, ou seja, que &hellip; <a href=\"https:\/\/obscom.intervozes.org.br\/?p=24838\" class=\"more-link\">Continue lendo <span class=\"screen-reader-text\">Novo marco unir\u00e1 radiodifus\u00e3o e telecomunica\u00e7\u00f5es em uma \u00fanica lei<\/span> <span class=\"meta-nav\">&rarr;<\/span><\/a><\/p>\n","protected":false},"author":1,"featured_media":0,"comment_status":"open","ping_status":"open","sticky":false,"template":"","format":"standard","meta":{"footnotes":""},"categories":[39],"tags":[],"_links":{"self":[{"href":"https:\/\/obscom.intervozes.org.br\/index.php?rest_route=\/wp\/v2\/posts\/24838"}],"collection":[{"href":"https:\/\/obscom.intervozes.org.br\/index.php?rest_route=\/wp\/v2\/posts"}],"about":[{"href":"https:\/\/obscom.intervozes.org.br\/index.php?rest_route=\/wp\/v2\/types\/post"}],"author":[{"embeddable":true,"href":"https:\/\/obscom.intervozes.org.br\/index.php?rest_route=\/wp\/v2\/users\/1"}],"replies":[{"embeddable":true,"href":"https:\/\/obscom.intervozes.org.br\/index.php?rest_route=%2Fwp%2Fv2%2Fcomments&post=24838"}],"version-history":[{"count":0,"href":"https:\/\/obscom.intervozes.org.br\/index.php?rest_route=\/wp\/v2\/posts\/24838\/revisions"}],"wp:attachment":[{"href":"https:\/\/obscom.intervozes.org.br\/index.php?rest_route=%2Fwp%2Fv2%2Fmedia&parent=24838"}],"wp:term":[{"taxonomy":"category","embeddable":true,"href":"https:\/\/obscom.intervozes.org.br\/index.php?rest_route=%2Fwp%2Fv2%2Fcategories&post=24838"},{"taxonomy":"post_tag","embeddable":true,"href":"https:\/\/obscom.intervozes.org.br\/index.php?rest_route=%2Fwp%2Fv2%2Ftags&post=24838"}],"curies":[{"name":"wp","href":"https:\/\/api.w.org\/{rel}","templated":true}]}}