{"id":24836,"date":"2010-08-18T19:22:18","date_gmt":"2010-08-18T19:22:18","guid":{"rendered":"https:\/\/obscom.intervozes.org.br\/wordpress\/?p=24836"},"modified":"2010-08-18T19:22:18","modified_gmt":"2010-08-18T19:22:18","slug":"justica-reclassifica-comedia-mtv-reprises-nao-poderao-ser-exibidas-antes-das-20h","status":"publish","type":"post","link":"https:\/\/obscom.intervozes.org.br\/?p=24836","title":{"rendered":"Justi\u00e7a reclassifica &#8220;Com\u00e9dia MTV&#8221;; reprises n\u00e3o poder\u00e3o ser exibidas antes das 20h"},"content":{"rendered":"<p>   \t \t \t \t \t<!-- \t\t@page { margin: 2cm } \t\tP { margin-bottom: 0.21cm } \t--> \t  <\/p>\n<p style=\"margin-bottom: 0cm\" class=\"padrao\">O Minist&eacute;rio da Justi&ccedil;a considerou o humor&iacute;stico &quot;Com&eacute;dia MTV&quot; como impr&oacute;prio para menores de 12 anos. Em despacho publicado pelo Di&aacute;rio Oficial na &uacute;ltima ter&ccedil;a-feira (17), a MTV ter&aacute; cinco dias para deixar de exibir o programa antes das 20h.<\/p>\n<p>Segundo o blog de Daniel Castro, o Minist&eacute;rio reclassificou a atra&ccedil;&atilde;o por conter &quot;linguagem chula e de conte&uacute;do sexual&quot;, e recusou a antiga classifica&ccedil;&atilde;o &#8211; impr&oacute;prio para menores de 10 anos &#8211; feita pela emissora.<\/p>\n<p>O &quot;Com&eacute;dia MTV&quot; &eacute; exibido toda quarta, &agrave;s 22h30, com reprises semanais &agrave;s 14h das sextas e &agrave;s 19h dos domingos. O programa &eacute; considerado um dos carros-chefes da MTV e tem em seu elenco alguns dos novos talentos do humor brasileiro: Marcelo Adnet, Dani Calabresa, F&aacute;bio Rabin, Rafael Queiroga, Talita Werneck, Paulinho Serra, Rodrigo Capella, Bento Ribeiro e Guilherme Santana.<\/p>\n<p>At&eacute; o momento, a MTV n&atilde;o se manifestou sobre a decis&atilde;o do &oacute;rg&atilde;o judicial e pode recorrer. Segundo Castro, cogitava-se na emissora fazer uma nova vers&atilde;o do &quot;Com&eacute;dia&quot; para as reprises exibidas antes das 20h.<\/p>\n","protected":false},"excerpt":{"rendered":"<p>O Minist&eacute;rio da Justi&ccedil;a considerou o humor&iacute;stico &quot;Com&eacute;dia MTV&quot; como impr&oacute;prio para menores de 12 anos. Em despacho publicado pelo Di&aacute;rio Oficial na &uacute;ltima ter&ccedil;a-feira (17), a MTV ter&aacute; cinco dias para deixar de exibir o programa antes das 20h. Segundo o blog de Daniel Castro, o Minist&eacute;rio reclassificou a atra&ccedil;&atilde;o por conter &quot;linguagem chula &hellip; <a href=\"https:\/\/obscom.intervozes.org.br\/?p=24836\" class=\"more-link\">Continue lendo <span class=\"screen-reader-text\">Justi\u00e7a reclassifica &#8220;Com\u00e9dia MTV&#8221;; reprises n\u00e3o poder\u00e3o ser exibidas antes das 20h<\/span> <span class=\"meta-nav\">&rarr;<\/span><\/a><\/p>\n","protected":false},"author":1,"featured_media":0,"comment_status":"open","ping_status":"open","sticky":false,"template":"","format":"standard","meta":{"footnotes":""},"categories":[40],"tags":[111],"_links":{"self":[{"href":"https:\/\/obscom.intervozes.org.br\/index.php?rest_route=\/wp\/v2\/posts\/24836"}],"collection":[{"href":"https:\/\/obscom.intervozes.org.br\/index.php?rest_route=\/wp\/v2\/posts"}],"about":[{"href":"https:\/\/obscom.intervozes.org.br\/index.php?rest_route=\/wp\/v2\/types\/post"}],"author":[{"embeddable":true,"href":"https:\/\/obscom.intervozes.org.br\/index.php?rest_route=\/wp\/v2\/users\/1"}],"replies":[{"embeddable":true,"href":"https:\/\/obscom.intervozes.org.br\/index.php?rest_route=%2Fwp%2Fv2%2Fcomments&post=24836"}],"version-history":[{"count":0,"href":"https:\/\/obscom.intervozes.org.br\/index.php?rest_route=\/wp\/v2\/posts\/24836\/revisions"}],"wp:attachment":[{"href":"https:\/\/obscom.intervozes.org.br\/index.php?rest_route=%2Fwp%2Fv2%2Fmedia&parent=24836"}],"wp:term":[{"taxonomy":"category","embeddable":true,"href":"https:\/\/obscom.intervozes.org.br\/index.php?rest_route=%2Fwp%2Fv2%2Fcategories&post=24836"},{"taxonomy":"post_tag","embeddable":true,"href":"https:\/\/obscom.intervozes.org.br\/index.php?rest_route=%2Fwp%2Fv2%2Ftags&post=24836"}],"curies":[{"name":"wp","href":"https:\/\/api.w.org\/{rel}","templated":true}]}}