{"id":24834,"date":"2010-08-18T18:54:12","date_gmt":"2010-08-18T18:54:12","guid":{"rendered":"https:\/\/obscom.intervozes.org.br\/wordpress\/?p=24834"},"modified":"2010-08-18T18:54:12","modified_gmt":"2010-08-18T18:54:12","slug":"comissao-de-revisao-das-leis-de-telecomunicacoes-marca-reunioes","status":"publish","type":"post","link":"https:\/\/obscom.intervozes.org.br\/?p=24834","title":{"rendered":"Comiss\u00e3o de revis\u00e3o das leis de telecomunica\u00e7\u00f5es marca reuni\u00f5es"},"content":{"rendered":"<p>   \t \t \t \t \t<!-- \t\t@page { margin: 2cm } \t\tP { margin-bottom: 0.21cm } \t--> \t  <\/p>\n<p style=\"margin-bottom: 0cm\" class=\"padrao\">A comiss&atilde;o interministerial para elaborar estudos e apresentar propostas de revis&atilde;o do marco regulat&oacute;rio da organiza&ccedil;&atilde;o e explora&ccedil;&atilde;o dos servi&ccedil;os de telecomunica&ccedil;&otilde;es e de radiodifus&atilde;o, instalada no in&iacute;cio deste m&ecirc;s, tem reuni&otilde;es marcadas para esta ter&ccedil;a (17), quarta (18) e quinta-feiras (19). Na pauta est&atilde;o previstas duas palestras: uma do especialista em tecnologia e servi&ccedil;os de informa&ccedil;&atilde;o, Marcos Augusto Martins, e outra do professor de Pol&iacute;ticas de Comunica&ccedil;&atilde;o da Universidade de Bras&iacute;lia, Murilo Ramos.<\/p>\n<p>Na primeira reuni&atilde;o o foco dos debates foi a radiodifus&atilde;o. A ideia do governo &eacute; aproveitar as propostas aprovadas na 1&ordf; Confer&ecirc;ncia Nacional de Comunica&ccedil;&atilde;o, realizada no ano passado. Temas como o processo de concess&atilde;o e revis&atilde;o de outorgas, publicidade, cotas de produ&ccedil;&atilde;o nacional, produ&ccedil;&atilde;o independente j&aacute; est&atilde;o relacionados para debate em grupos de trabalho. Altera&ccedil;&otilde;es na LGT (Lei Geral de Telecomunica&ccedil;&otilde;es) poder&atilde;o ser abordadas nas reuni&otilde;es previstas para esta semana.<\/p>\n<p>A comiss&atilde;o interministerial foi criada por decreto do dia 21 de julho e &eacute; composta por representantes da Casa Civil (a quem cabe a coordena&ccedil;&atilde;o), os minist&eacute;rios das Comunica&ccedil;&otilde;es e Fazenda, a Secretaria de Comunica&ccedil;&atilde;o Social da Presid&ecirc;ncia e a Advocacia-Geral da Uni&atilde;o. A Anatel participa dos grupos de trabalho a convite da Casa Civil.<\/p>\n<p>A previs&atilde;o &eacute; de que o relat&oacute;rio final da comiss&atilde;o seja apresentado ao presidente Lula juntamente com as propostas para revis&atilde;o do marco regulat&oacute;rio da organiza&ccedil;&atilde;o e explora&ccedil;&atilde;o dos servi&ccedil;os de telecomunica&ccedil;&otilde;es e de radiodifus&atilde;o no Pa&iacute;s. Mas a implanta&ccedil;&atilde;o das mudan&ccedil;as somente ocorrer&aacute; no pr&oacute;ximo governo.<\/p>\n","protected":false},"excerpt":{"rendered":"<p>A comiss&atilde;o interministerial para elaborar estudos e apresentar propostas de revis&atilde;o do marco regulat&oacute;rio da organiza&ccedil;&atilde;o e explora&ccedil;&atilde;o dos servi&ccedil;os de telecomunica&ccedil;&otilde;es e de radiodifus&atilde;o, instalada no in&iacute;cio deste m&ecirc;s, tem reuni&otilde;es marcadas para esta ter&ccedil;a (17), quarta (18) e quinta-feiras (19). Na pauta est&atilde;o previstas duas palestras: uma do especialista em tecnologia e servi&ccedil;os &hellip; <a href=\"https:\/\/obscom.intervozes.org.br\/?p=24834\" class=\"more-link\">Continue lendo <span class=\"screen-reader-text\">Comiss\u00e3o de revis\u00e3o das leis de telecomunica\u00e7\u00f5es marca reuni\u00f5es<\/span> <span class=\"meta-nav\">&rarr;<\/span><\/a><\/p>\n","protected":false},"author":1,"featured_media":0,"comment_status":"open","ping_status":"open","sticky":false,"template":"","format":"standard","meta":{"footnotes":""},"categories":[40],"tags":[307],"_links":{"self":[{"href":"https:\/\/obscom.intervozes.org.br\/index.php?rest_route=\/wp\/v2\/posts\/24834"}],"collection":[{"href":"https:\/\/obscom.intervozes.org.br\/index.php?rest_route=\/wp\/v2\/posts"}],"about":[{"href":"https:\/\/obscom.intervozes.org.br\/index.php?rest_route=\/wp\/v2\/types\/post"}],"author":[{"embeddable":true,"href":"https:\/\/obscom.intervozes.org.br\/index.php?rest_route=\/wp\/v2\/users\/1"}],"replies":[{"embeddable":true,"href":"https:\/\/obscom.intervozes.org.br\/index.php?rest_route=%2Fwp%2Fv2%2Fcomments&post=24834"}],"version-history":[{"count":0,"href":"https:\/\/obscom.intervozes.org.br\/index.php?rest_route=\/wp\/v2\/posts\/24834\/revisions"}],"wp:attachment":[{"href":"https:\/\/obscom.intervozes.org.br\/index.php?rest_route=%2Fwp%2Fv2%2Fmedia&parent=24834"}],"wp:term":[{"taxonomy":"category","embeddable":true,"href":"https:\/\/obscom.intervozes.org.br\/index.php?rest_route=%2Fwp%2Fv2%2Fcategories&post=24834"},{"taxonomy":"post_tag","embeddable":true,"href":"https:\/\/obscom.intervozes.org.br\/index.php?rest_route=%2Fwp%2Fv2%2Ftags&post=24834"}],"curies":[{"name":"wp","href":"https:\/\/api.w.org\/{rel}","templated":true}]}}