{"id":24831,"date":"2010-08-18T18:11:19","date_gmt":"2010-08-18T18:11:19","guid":{"rendered":"https:\/\/obscom.intervozes.org.br\/wordpress\/?p=24831"},"modified":"2014-09-07T03:00:40","modified_gmt":"2014-09-07T03:00:40","slug":"instituto-alana-vai-assistir-o-ministerio-publico-em-acao-contra-cervejarias","status":"publish","type":"post","link":"https:\/\/obscom.intervozes.org.br\/?p=24831","title":{"rendered":"Instituto Alana vai assistir o Minist\u00e9rio P\u00fablico em a\u00e7\u00e3o contra cervejarias"},"content":{"rendered":"<p>   \t \t \t \t \t<!-- \t\t@page { margin: 2cm } \t\tP { margin-bottom: 0.21cm } \t\tA:link { so-language: zxx } \t--> \t  <\/p>\n<p style=\"margin-bottom: 0cm\" class=\"padrao\">A Justi&ccedil;a Federal aceitou esse m&ecirc;s o pedido de assist&ecirc;ncia do Instituto Alana, do IDEC (Instituto Brasileiro de Defesa do Consumidor), do Comunica&ccedil;&atilde;o e Cultura e do Intervozes na a&ccedil;&atilde;o civil p&uacute;blica que o Minist&eacute;rio P&uacute;blico Federal (MPF) move contra os tr&ecirc;s maiores fabricantes de cerveja do Brasil &ndash; Ambev, Schincariol e Femsa.<\/p>\n<p>Com a aprova&ccedil;&atilde;o, as organiza&ccedil;&otilde;es contribuir&atilde;o para a apura&ccedil;&atilde;o judicial, especialmente no que se refere &agrave; exposi&ccedil;&atilde;o di&aacute;ria das crian&ccedil;as &agrave;s publicidades de cerveja. Essa &eacute; a primeira vez que o Instituto Alana participa efetivamente de uma a&ccedil;&atilde;o civil p&uacute;blica.<\/p>\n<p>Publicidade de cerveja<\/p>\n<p>A a&ccedil;&atilde;o civil p&uacute;blica em quest&atilde;o foi ajuizada pelo procurador Fernando Lacerda Dias, do Minist&eacute;rio P&uacute;blico Federal de S&atilde;o Jos&eacute; dos Campos, em outubro de 2008. A a&ccedil;&atilde;o pede indeniza&ccedil;&atilde;o de R$ 2,75 bilh&otilde;es devido aos danos causados &agrave; sa&uacute;de pelo consumo das bebidas alco&oacute;licas produzidas pelas tr&ecirc;s empresas, estimulado por meio de publicidade.<\/p>\n<p>Segundo os dados levantados pelo MPF, Ambev, Femsa e Schincariol respondem por 90% do mercado cervejeiro nacional e investem maci&ccedil;amente em publicidade &#8211; quase R$ 1 bilh&atilde;o s&oacute; em 2007.<br \/>&nbsp;<br \/>O valor da indeniza&ccedil;&atilde;o foi calculado, em parte, pelo aumento de gastos no Sistema &Uacute;nico de Sa&uacute;de (SUS) e no aumento de gastos no INSS decorrentes do consumo de bebida alco&oacute;lica. A outra parte est&aacute; relacionada com danos sociais incomensur&aacute;veis. &ldquo;N&atilde;o d&aacute; para medir o aumento de viol&ecirc;ncia dom&eacute;stica, o aumento de acidentes automobil&iacute;sticos porque n&atilde;o h&aacute; dados para fazer isso&rdquo;, explicou Fernando Lacerda Dias em entrevista para o especial Juventude e Bebidas Alco&oacute;licas, publica&ccedil;&atilde;o do Crian&ccedil;a e Consumo divulgada em agosto de 2009 . O dinheiro da indeniza&ccedil;&atilde;o seria encaminhado para fundos p&uacute;blicos, como o Fundo do Departamento Antidrogas ou o Fundo de Direitos Difusos.<\/p>\n<p>O procurador acredita que a cerveja tem um impacto maior na popula&ccedil;&atilde;o, por ser a bebida alco&oacute;lica mais consumida no pa&iacute;s e n&atilde;o ter nenhuma regulamenta&ccedil;&atilde;o legal de publicidade. Por isso, as campanhas da bebida acabam sendo atrativas especialmente ao p&uacute;blico jovem, fato desaprovado no C&oacute;digo de Autoregulamenta&ccedil;&atilde;o do Conar. &ldquo;90% das campanhas de cerveja s&atilde;o mais atrativas para o p&uacute;blico jovem do que para o p&uacute;blico adulto. A linguagem que &eacute; utilizada &eacute; muito mais vinculada ao universo juvenil do que ao universo adulto. E isso estimula, cativa e induz ao consumo da bebida alco&oacute;lica&rdquo;, afirmou.<\/p>\n<p>A Lei do &Aacute;lcool foi elaborada em 1996 e regulamenta a publicidade de bebidas com teor alco&oacute;lico acima de 13 graus na escala Gay Lussac (GL), mas a cerveja tem teor alco&oacute;lico de cerca de 4,8 GL e n&atilde;o entrou na regra.<\/p>\n<p>Veja a Newsletter especial sobre Alcoolismo e Publicidade:<br \/><a href=\"http:\/\/www.alana.org.br\/_news\/2009\/ago\/ed-alcoolismo\/newsletter-agosto-2009-ed-alcoolismo-online.html\">http:\/\/www.alana.org.br\/_news\/2009\/ago\/ed-alcoolismo\/newsletter-agosto-2009-ed-alcoolismo-online.html<\/a><\/p>\n<p>Confira os desdobramentos da A&ccedil;&atilde;o contra Ambev, Schincariol e Femsa:<br \/><a href=\"http:\/\/localhost\/intervozes_direitoacomunicacao\/wordpress\/?p=18026\">http:\/\/www.alana.org.br\/CriancaConsumo\/AcaoJuridica.aspx?v=1&amp;id=163<\/a><br \/>&nbsp;<br \/>Leia a entrevista com o promotor Fernando Lacerda Dias:<br \/><a href=\"http:\/\/localhost\/intervozes_direitoacomunicacao\/wordpress\/?p=24080\" target=\"_blank\">http:\/\/www.alana.org.br\/CriancaConsumo\/NoticiaIntegra.aspx?id=6293&amp;origem=23<\/a> <\/p>\n","protected":false},"excerpt":{"rendered":"<p>A Justi&ccedil;a Federal aceitou esse m&ecirc;s o pedido de assist&ecirc;ncia do Instituto Alana, do IDEC (Instituto Brasileiro de Defesa do Consumidor), do Comunica&ccedil;&atilde;o e Cultura e do Intervozes na a&ccedil;&atilde;o civil p&uacute;blica que o Minist&eacute;rio P&uacute;blico Federal (MPF) move contra os tr&ecirc;s maiores fabricantes de cerveja do Brasil &ndash; Ambev, Schincariol e Femsa. Com a &hellip; <a href=\"https:\/\/obscom.intervozes.org.br\/?p=24831\" class=\"more-link\">Continue lendo <span class=\"screen-reader-text\">Instituto Alana vai assistir o Minist\u00e9rio P\u00fablico em a\u00e7\u00e3o contra cervejarias<\/span> <span class=\"meta-nav\">&rarr;<\/span><\/a><\/p>\n","protected":false},"author":1,"featured_media":0,"comment_status":"open","ping_status":"open","sticky":false,"template":"","format":"standard","meta":{"footnotes":""},"categories":[40],"tags":[390],"_links":{"self":[{"href":"https:\/\/obscom.intervozes.org.br\/index.php?rest_route=\/wp\/v2\/posts\/24831"}],"collection":[{"href":"https:\/\/obscom.intervozes.org.br\/index.php?rest_route=\/wp\/v2\/posts"}],"about":[{"href":"https:\/\/obscom.intervozes.org.br\/index.php?rest_route=\/wp\/v2\/types\/post"}],"author":[{"embeddable":true,"href":"https:\/\/obscom.intervozes.org.br\/index.php?rest_route=\/wp\/v2\/users\/1"}],"replies":[{"embeddable":true,"href":"https:\/\/obscom.intervozes.org.br\/index.php?rest_route=%2Fwp%2Fv2%2Fcomments&post=24831"}],"version-history":[{"count":2,"href":"https:\/\/obscom.intervozes.org.br\/index.php?rest_route=\/wp\/v2\/posts\/24831\/revisions"}],"predecessor-version":[{"id":28161,"href":"https:\/\/obscom.intervozes.org.br\/index.php?rest_route=\/wp\/v2\/posts\/24831\/revisions\/28161"}],"wp:attachment":[{"href":"https:\/\/obscom.intervozes.org.br\/index.php?rest_route=%2Fwp%2Fv2%2Fmedia&parent=24831"}],"wp:term":[{"taxonomy":"category","embeddable":true,"href":"https:\/\/obscom.intervozes.org.br\/index.php?rest_route=%2Fwp%2Fv2%2Fcategories&post=24831"},{"taxonomy":"post_tag","embeddable":true,"href":"https:\/\/obscom.intervozes.org.br\/index.php?rest_route=%2Fwp%2Fv2%2Ftags&post=24831"}],"curies":[{"name":"wp","href":"https:\/\/api.w.org\/{rel}","templated":true}]}}