{"id":24828,"date":"2010-08-17T17:56:21","date_gmt":"2010-08-17T17:56:21","guid":{"rendered":"https:\/\/obscom.intervozes.org.br\/wordpress\/?p=24828"},"modified":"2014-09-07T03:00:38","modified_gmt":"2014-09-07T03:00:38","slug":"movimentos-divulgam-78-resolucoes-prioritarias","status":"publish","type":"post","link":"https:\/\/obscom.intervozes.org.br\/?p=24828","title":{"rendered":"Movimentos divulgam 78 resolu\u00e7\u00f5es priorit\u00e1rias"},"content":{"rendered":"<p>   \t \t \t \t \t<!-- \t\t@page { margin: 2cm } \t\tP { margin-bottom: 0.21cm } \t\tA:link { so-language: zxx } \t\tA:visited { so-language: zxx } \t--> \t  <\/p>\n<p style=\"margin-bottom: 0cm\" class=\"padrao\">Organiza&ccedil;&otilde;es e movimentos sociais de v&aacute;rios estados divulgaram a lista de <a href=\"http:\/\/localhost\/intervozes_direitoacomunicacao\/wordpress\/?p=18412\">78 resolu&ccedil;&otilde;es<\/a>  consideradas priorit&aacute;rias entre as mais de 600 aprovadas na 1&ordf; Confer&ecirc;ncia Nacional de Comunica&ccedil;&atilde;o (Confecom). Em 1&ordm; de julho deste ano cerca de 50 pessoas de v&aacute;rios estados brasileiros reuniram-se em Bras&iacute;lia para discutir a&ccedil;&otilde;es e prioridades no cen&aacute;rio p&oacute;s confer&ecirc;ncia. A lista divulgada agora re&uacute;ne as resolu&ccedil;&otilde;es da Confecom sem nenhuma altera&ccedil;&atilde;o e absorve todos os eixos de discuss&atilde;o da confer&ecirc;ncia.<\/p>\n<p>A avalia&ccedil;&atilde;o dos movimentos em julho foi de que o alto n&uacute;mero de propostas aprovadas na Confecom gera dispers&atilde;o. Al&eacute;m disso, falta foco naquilo que seria mais importante de ser realizado a curto prazo e o que pode ser concretizado em mais tempo. O objetivo dos participantes do semin&aacute;rio foi criar uma contribui&ccedil;&atilde;o para que o movimento de comunica&ccedil;&atilde;o debatesse prioridades. Esse documento deve circular para novas ades&otilde;es.<\/p>\n<p>Enquanto isso, o governo come&ccedil;ou a trabalhar mais efetivamente para dar encaminhamento &agrave;s propostas da Confecom. Para isso, criou este ano um Grupo de Trabalho Interministerial para elaborar propostas de revis&atilde;o do marco regulat&oacute;rio do setor. O grupo fez sua primeira reuni&atilde;o em 10 de agosto. Ainda n&atilde;o se sabe se a prioriza&ccedil;&atilde;o feita pelas organiza&ccedil;&otilde;es sociais ser&aacute; considerada pela comiss&atilde;o do governo. <\/p>\n<p><strong>Prioridades<\/strong><\/p>\n<p>As 78 propostas priorit&aacute;rias foram divididas em blocos tem&aacute;ticos. Os temas que tiveram mais propostas escolhidas foram os que t&ecirc;m resolu&ccedil;&otilde;es referentes &agrave; forma&ccedil;&atilde;o e educa&ccedil;&atilde;o para a m&iacute;dia e ao sistema p&uacute;blico de comunica&ccedil;&atilde;o. Cada um teve 17 propostas consideradas como prioridade. J&aacute; o bloco que cont&eacute;m assuntos relacionados a conte&uacute;dos, distribui&ccedil;&atilde;o e arquivamento, propriedade intelectual, cinema e impressos possui cinco resolu&ccedil;&otilde;es definidas como prioridade. <\/p>\n<p>Entre as prioridades, est&atilde;o propostas como: defender a necessidade de uma nova e democr&aacute;tica legisla&ccedil;&atilde;o para a imprensa; cria&ccedil;&atilde;o de conselhos de comunica&ccedil;&atilde;o nas tr&ecirc;s esferas da federa&ccedil;&atilde;o; regulamentar o Artigo 223 da Constitui&ccedil;&atilde;o Federal, definindo os sistemas p&uacute;blico, privado e estatal; estender a classifica&ccedil;&atilde;o indicativa j&aacute; em vigor em programas de televis&atilde;o aberta, cinema e jogo eletr&ocirc;nicos para as emissoras de TV por assinatura e para o r&aacute;dio; e cria&ccedil;&atilde;o do servi&ccedil;o de banda larga a ser prestado em regime p&uacute;blico, por meio de diversas tecnologias, com metas de universaliza&ccedil;&atilde;o do acesso, metas de qualidade, controle de tarifas e garantia de continuidade. <\/p>\n<p>Al&eacute;m de Luiza Erundina (PSB-SP), pela Comiss&atilde;o de Ci&ecirc;ncia e Tecnologia, Comunica&ccedil;&atilde;o e Inform&aacute;tica, o semin&aacute;rio tamb&eacute;m contou com a co-realiza&ccedil;&atilde;o da deputada Iriny Lopes (PT-ES), pela Comiss&atilde;o de Direitos Humanos e Minorias, e de entidades da sociedade civil. O evento foi realizado na C&acirc;mara dos Deputados.<\/p>\n<p><a href=\"http:\/\/localhost\/intervozes_direitoacomunicacao\/wordpress\/?p=18412\">*** Veja o documento completo com as 78 resolu&ccedil;&otilde;es consideradas priorit&aacute;rias pelas organiza&ccedil;&otilde;es e movimentos sociais que participaram da 1&ordf; Confecom ***<\/a> <\/p>\n","protected":false},"excerpt":{"rendered":"<p>Documento elenca prioridades entre as mais de 600 propostas aprovadas na 1&ordf; Confer&ecirc;ncia Nacional de Comunica&ccedil;&atilde;o<\/p>\n","protected":false},"author":1,"featured_media":0,"comment_status":"open","ping_status":"open","sticky":false,"template":"","format":"standard","meta":{"footnotes":""},"categories":[40],"tags":[1012],"_links":{"self":[{"href":"https:\/\/obscom.intervozes.org.br\/index.php?rest_route=\/wp\/v2\/posts\/24828"}],"collection":[{"href":"https:\/\/obscom.intervozes.org.br\/index.php?rest_route=\/wp\/v2\/posts"}],"about":[{"href":"https:\/\/obscom.intervozes.org.br\/index.php?rest_route=\/wp\/v2\/types\/post"}],"author":[{"embeddable":true,"href":"https:\/\/obscom.intervozes.org.br\/index.php?rest_route=\/wp\/v2\/users\/1"}],"replies":[{"embeddable":true,"href":"https:\/\/obscom.intervozes.org.br\/index.php?rest_route=%2Fwp%2Fv2%2Fcomments&post=24828"}],"version-history":[{"count":1,"href":"https:\/\/obscom.intervozes.org.br\/index.php?rest_route=\/wp\/v2\/posts\/24828\/revisions"}],"predecessor-version":[{"id":28158,"href":"https:\/\/obscom.intervozes.org.br\/index.php?rest_route=\/wp\/v2\/posts\/24828\/revisions\/28158"}],"wp:attachment":[{"href":"https:\/\/obscom.intervozes.org.br\/index.php?rest_route=%2Fwp%2Fv2%2Fmedia&parent=24828"}],"wp:term":[{"taxonomy":"category","embeddable":true,"href":"https:\/\/obscom.intervozes.org.br\/index.php?rest_route=%2Fwp%2Fv2%2Fcategories&post=24828"},{"taxonomy":"post_tag","embeddable":true,"href":"https:\/\/obscom.intervozes.org.br\/index.php?rest_route=%2Fwp%2Fv2%2Ftags&post=24828"}],"curies":[{"name":"wp","href":"https:\/\/api.w.org\/{rel}","templated":true}]}}