{"id":24827,"date":"2010-08-16T19:17:13","date_gmt":"2010-08-16T19:17:13","guid":{"rendered":"https:\/\/obscom.intervozes.org.br\/wordpress\/?p=24827"},"modified":"2010-08-16T19:17:13","modified_gmt":"2010-08-16T19:17:13","slug":"tv-cultura-e-ficcao-diz-matarazzo","status":"publish","type":"post","link":"https:\/\/obscom.intervozes.org.br\/?p=24827","title":{"rendered":"TV Cultura \u00e9 &#8216;fic\u00e7\u00e3o&#8217;, diz Matarazzo"},"content":{"rendered":"<p>   \t \t \t \t \t<!-- \t\t@page { margin: 2cm } \t\tP { margin-bottom: 0.21cm } \t--> \t  <\/p>\n<p style=\"margin-bottom: 0cm\" class=\"padrao\">A reformula&ccedil;&atilde;o na TV Cultura acabou causando um atrito na ala do PSDB ligada &agrave; &aacute;rea cultural. O secret&aacute;rio de Estado da Cultura de S&atilde;o Paulo, Andrea Matarazzo, homem forte das administra&ccedil;&otilde;es Jos&eacute; Serra, concedeu anteontem &agrave; noite entrevista explosiva ao blog Poder Online.<\/p>\n<p>&quot;A TV Cultura &eacute; uma fic&ccedil;&atilde;o. &Eacute; cool gostar da TV Cultura, mas ningu&eacute;m assiste&quot;, afirmou Matarazzo, argumentando que a programa&ccedil;&atilde;o n&atilde;o est&aacute; na grade de ningu&eacute;m. &quot;Vai manter a TV Cultura desse jeito para ser marcada pelo Cocoric&oacute; (programa infantil)?&quot; E arrematou: &quot;S&atilde;o R$ 80 milh&otilde;es para qu&ecirc;? Pagar sal&aacute;rios de conselheiros? Aqueles conselheiros nem assistem &agrave; TV Cultura.&quot;<\/p>\n<p>As declara&ccedil;&otilde;es causaram mal-estar na emissora. Por for&ccedil;a de lei, Matarazzo tem assento no conselho da Funda&ccedil;&atilde;o Padre Anchieta, que rege a TV Cultura. J&aacute; na madrugada de ontem, Jorge da Cunha Lima, ex-secret&aacute;rio de Estado da Cultura, ex-presidente da funda&ccedil;&atilde;o e conselheiro vital&iacute;cio da institui&ccedil;&atilde;o, reagiu &agrave;s declara&ccedil;&otilde;es de Matarazzo em seu blog.<\/p>\n<p>&quot;Ningu&eacute;m ganha sal&aacute;rio no conselho, al&eacute;m do presidente, e isso por decis&atilde;o do representante do Minist&eacute;rio P&uacute;blico&quot;, afirmou Cunha Lima. &quot;Quando fui presidente do conselho tamb&eacute;m ganhei sal&aacute;rio e trabalhava em tempo integral na TV, na cruzada em prol de uma TV p&uacute;blica independente, no Brasil e no exterior. Ganhei sal&aacute;rio, da mesma forma que Andrea Matarazzo recebe sal&aacute;rios em seus cargos desde que foi presidente da Cesp.&quot;<\/p>\n<p>Procurado pela reportagem do Estado, Matarazzo n&atilde;o quis se pronunciar, apenas instruiu sua assessoria a reafirmar que defende integralmente as reformas que Jo&atilde;o Sayad, atual presidente da funda&ccedil;&atilde;o, leva a cabo na emissora.<\/p>\n<p>A reportagem apurou que ele discorda de alguns trechos da entrevista divulgada no blog e, em carta, retificaria certos pontos, mas seu discurso foi endere&ccedil;ado diretamente a Cunha Lima, que fez reparos &agrave;s inten&ccedil;&otilde;es de Sayad.<\/p>\n<p>A sindicalistas, Sayad informou na quinta-feira que dever&aacute; demitir 450 dos 2.150 mil funcion&aacute;rios da emissora, empregados que prestavam servi&ccedil;os &agrave; TV Assembleia e TV Justi&ccedil;a. Ele tamb&eacute;m estimou em R$ 200 milh&otilde;es a d&iacute;vida da institui&ccedil;&atilde;o, que pode crescer com novas senten&ccedil;as trabalhistas, e analisa que h&aacute; um pequeno contingente de funcion&aacute;rios trabalhando de forma irregular na televis&atilde;o.<\/p>\n<p>&quot;Eu n&atilde;o acho que a TV Cultura seja uma fic&ccedil;&atilde;o. Ainda &eacute; o que mais se aproxima de uma televis&atilde;o p&uacute;blica&quot;, disse Cunha Lima &agrave; reportagem ontem &agrave; tarde. Ele afirmou que n&atilde;o teme o confronto com Matarazzo numa reuni&atilde;o do conselho, porque acredita que se trata apenas de uma &quot;diferen&ccedil;a intelectual&quot; e n&atilde;o configura motivo para hostilidades.  <\/p>\n","protected":false},"excerpt":{"rendered":"<p>A reformula&ccedil;&atilde;o na TV Cultura acabou causando um atrito na ala do PSDB ligada &agrave; &aacute;rea cultural. O secret&aacute;rio de Estado da Cultura de S&atilde;o Paulo, Andrea Matarazzo, homem forte das administra&ccedil;&otilde;es Jos&eacute; Serra, concedeu anteontem &agrave; noite entrevista explosiva ao blog Poder Online. &quot;A TV Cultura &eacute; uma fic&ccedil;&atilde;o. &Eacute; cool gostar da TV &hellip; <a href=\"https:\/\/obscom.intervozes.org.br\/?p=24827\" class=\"more-link\">Continue lendo <span class=\"screen-reader-text\">TV Cultura \u00e9 &#8216;fic\u00e7\u00e3o&#8217;, diz Matarazzo<\/span> <span class=\"meta-nav\">&rarr;<\/span><\/a><\/p>\n","protected":false},"author":1,"featured_media":0,"comment_status":"open","ping_status":"open","sticky":false,"template":"","format":"standard","meta":{"footnotes":""},"categories":[40],"tags":[504],"_links":{"self":[{"href":"https:\/\/obscom.intervozes.org.br\/index.php?rest_route=\/wp\/v2\/posts\/24827"}],"collection":[{"href":"https:\/\/obscom.intervozes.org.br\/index.php?rest_route=\/wp\/v2\/posts"}],"about":[{"href":"https:\/\/obscom.intervozes.org.br\/index.php?rest_route=\/wp\/v2\/types\/post"}],"author":[{"embeddable":true,"href":"https:\/\/obscom.intervozes.org.br\/index.php?rest_route=\/wp\/v2\/users\/1"}],"replies":[{"embeddable":true,"href":"https:\/\/obscom.intervozes.org.br\/index.php?rest_route=%2Fwp%2Fv2%2Fcomments&post=24827"}],"version-history":[{"count":0,"href":"https:\/\/obscom.intervozes.org.br\/index.php?rest_route=\/wp\/v2\/posts\/24827\/revisions"}],"wp:attachment":[{"href":"https:\/\/obscom.intervozes.org.br\/index.php?rest_route=%2Fwp%2Fv2%2Fmedia&parent=24827"}],"wp:term":[{"taxonomy":"category","embeddable":true,"href":"https:\/\/obscom.intervozes.org.br\/index.php?rest_route=%2Fwp%2Fv2%2Fcategories&post=24827"},{"taxonomy":"post_tag","embeddable":true,"href":"https:\/\/obscom.intervozes.org.br\/index.php?rest_route=%2Fwp%2Fv2%2Ftags&post=24827"}],"curies":[{"name":"wp","href":"https:\/\/api.w.org\/{rel}","templated":true}]}}