{"id":24815,"date":"2010-08-13T10:38:12","date_gmt":"2010-08-13T10:38:12","guid":{"rendered":"https:\/\/obscom.intervozes.org.br\/wordpress\/?p=24815"},"modified":"2010-08-13T10:38:12","modified_gmt":"2010-08-13T10:38:12","slug":"para-abta-competicao-de-parabolica-e-de-tv-aberta-dificulta-queda-no-preco-da-tv-paga","status":"publish","type":"post","link":"https:\/\/obscom.intervozes.org.br\/?p=24815","title":{"rendered":"Para ABTA, competi\u00e7\u00e3o de parab\u00f3lica e de TV aberta dificulta queda no pre\u00e7o da TV paga"},"content":{"rendered":"<p> \t<!-- \t\t@page { margin: 2cm } \t\tP { margin-bottom: 0.21cm } \t--> \t <\/p>\n<p style=\"margin-bottom: 0cm\" class=\"padrao\">O presidente da ABTA (entidade que representa as operadoras de TV por Assinatura), Alexandre Annenberg, contestou os n&uacute;meros apresentados hoje pela Ancine (Ag&ecirc;ncia Nacional do Cinema), que apontam para um alto pre&ccedil;o do servi&ccedil;o no Brasil e pela falta de competi&ccedil;&atilde;o no mercado de TV paga. &quot;A realidade do mercado brasileiro &eacute; &uacute;nica e n&atilde;o pode ser comparada com a Argentina&quot;, reagiu o executivo. <\/p>\n<p>Ele assinala que o pre&ccedil;o dos canais pagos est&aacute; diretamente vinculado ao n&uacute;mero de clientes a eles associados (ou &agrave; taxa de penetra&ccedil;&atilde;o) e,&nbsp; no Brasil, esta taxa &eacute; pequena porque existem aqui 18 milh&otilde;es de antenas parab&oacute;licas transmitindo gratuitamente&nbsp; m&uacute;ltiplos canais de TV, competindo diretamente com a TV paga. &quot;Al&eacute;m disso, a &oacute;tima qualidade da TV aberta impede o crescimento mais r&aacute;pido da TV por assinatura&quot;, completou. Annenberg assinalou ainda que o servi&ccedil;o n&atilde;o cresce mais porque n&atilde;o tem licen&ccedil;a da Anatel. <\/p>\n<p>O executivo contestou tamb&eacute;m a informa&ccedil;&atilde;o de que o mercado de TV por assinatura n&atilde;o tem competi&ccedil;&atilde;o. &quot;Em todas as cidades onde h&aacute; servi&ccedil;o de TV a cabo, h&aacute; pelo menos um competidor em outras tecnologias como o MMDS ou o DTH&quot;. Assinalou que a TV por assinatura brasileira tem um grande n&uacute;mero de competidores &#8211; pelo menos 50 operadoras de cabo, 29 de MMDS e 10 de DTH (via sat&eacute;lite)&quot;. A competi&ccedil;&atilde;o est&aacute; plenamente instalada&quot;, afirmou.<\/p>\n<p><strong>Bloqueio<\/strong><\/p>\n<p>Para Annenberg, as operadoras de telecomunica&ccedil;&otilde;es querem entrar no mercado de TV a cabo para bloquear a expans&atilde;o da banda larga no Brasil. &quot;A rede de TV a cabo &eacute; de &uacute;ltima gera&ccedil;&atilde;o, com capacidade de oferecer banda larga de mais qualidade e com mais velocidade. A rede de cobre das concession&aacute;rias ainda &eacute; muito antiga. A disputa &eacute; pela banda larga, e n&atilde;o pelos canais de TV&quot;, concluiu.<\/p>\n","protected":false},"excerpt":{"rendered":"<p>O presidente da ABTA (entidade que representa as operadoras de TV por Assinatura), Alexandre Annenberg, contestou os n&uacute;meros apresentados hoje pela Ancine (Ag&ecirc;ncia Nacional do Cinema), que apontam para um alto pre&ccedil;o do servi&ccedil;o no Brasil e pela falta de competi&ccedil;&atilde;o no mercado de TV paga. &quot;A realidade do mercado brasileiro &eacute; &uacute;nica e n&atilde;o &hellip; <a href=\"https:\/\/obscom.intervozes.org.br\/?p=24815\" class=\"more-link\">Continue lendo <span class=\"screen-reader-text\">Para ABTA, competi\u00e7\u00e3o de parab\u00f3lica e de TV aberta dificulta queda no pre\u00e7o da TV paga<\/span> <span class=\"meta-nav\">&rarr;<\/span><\/a><\/p>\n","protected":false},"author":1,"featured_media":0,"comment_status":"open","ping_status":"open","sticky":false,"template":"","format":"standard","meta":{"footnotes":""},"categories":[40],"tags":[1384],"_links":{"self":[{"href":"https:\/\/obscom.intervozes.org.br\/index.php?rest_route=\/wp\/v2\/posts\/24815"}],"collection":[{"href":"https:\/\/obscom.intervozes.org.br\/index.php?rest_route=\/wp\/v2\/posts"}],"about":[{"href":"https:\/\/obscom.intervozes.org.br\/index.php?rest_route=\/wp\/v2\/types\/post"}],"author":[{"embeddable":true,"href":"https:\/\/obscom.intervozes.org.br\/index.php?rest_route=\/wp\/v2\/users\/1"}],"replies":[{"embeddable":true,"href":"https:\/\/obscom.intervozes.org.br\/index.php?rest_route=%2Fwp%2Fv2%2Fcomments&post=24815"}],"version-history":[{"count":0,"href":"https:\/\/obscom.intervozes.org.br\/index.php?rest_route=\/wp\/v2\/posts\/24815\/revisions"}],"wp:attachment":[{"href":"https:\/\/obscom.intervozes.org.br\/index.php?rest_route=%2Fwp%2Fv2%2Fmedia&parent=24815"}],"wp:term":[{"taxonomy":"category","embeddable":true,"href":"https:\/\/obscom.intervozes.org.br\/index.php?rest_route=%2Fwp%2Fv2%2Fcategories&post=24815"},{"taxonomy":"post_tag","embeddable":true,"href":"https:\/\/obscom.intervozes.org.br\/index.php?rest_route=%2Fwp%2Fv2%2Ftags&post=24815"}],"curies":[{"name":"wp","href":"https:\/\/api.w.org\/{rel}","templated":true}]}}