{"id":24813,"date":"2010-08-13T10:34:55","date_gmt":"2010-08-13T10:34:55","guid":{"rendered":"https:\/\/obscom.intervozes.org.br\/wordpress\/?p=24813"},"modified":"2010-08-13T10:34:55","modified_gmt":"2010-08-13T10:34:55","slug":"regulacao-de-conteudos-convergentes-deve-ser-vista-pela-optica-concorrencial-diz-ancine","status":"publish","type":"post","link":"https:\/\/obscom.intervozes.org.br\/?p=24813","title":{"rendered":"Regula\u00e7\u00e3o de conte\u00fados convergentes deve ser vista pela \u00f3ptica concorrencial, diz Ancine"},"content":{"rendered":"<p> \t<!-- \t\t@page { margin: 2cm } \t\tP { margin-bottom: 0.21cm } \t--> \t <\/p>\n<p style=\"margin-bottom: 0cm\" class=\"western\"><strong>Reproduzido do TelaViva News<\/strong><\/p>\n<p>Ao discutir na ABTA 2010 a presen&ccedil;a de conte&uacute;dos nacionais na televis&atilde;o, Manoel Rangel, presidente da Ancine, exp&ocirc;s uma nova raz&atilde;o pela qual, a seu ver, a cria&ccedil;&atilde;o de cotas a conte&uacute;dos nacionais faz muito mais sentido na TV paga do que na TV aberta. &quot;Na TV aberta, os percentuais de conte&uacute;do brasileiros s&atilde;o muito maiores&quot;, diz, dando n&uacute;meros. Segundo o presidente da ag&ecirc;ncia de cinema, h&aacute; na TV aberta 11,4% de filmes brasileiros e 16,5% de s&eacute;ries, contra 1,4% e 1,2%, respectivamente, na TV paga. Esse dado, no caso dos filmes, desconsidera o Canal Brasil, caso contr&aacute;rio o percentual de fimes seria de 14,6%. <\/p>\n<p>Rangel voltou a destacar que considera que o PLC 116\/2010 foi fruto de muito debate, inclusive com os setores contr&aacute;rios ao projeto. &quot;E &eacute; um projeto colocado pelo Legislativo e coube aos parlamentares darem o equil&iacute;brio entre os diferentes interesses que se manifestaram. A Ancine foi apenas um deles&quot;, disse, ao responder se ainda haveria espa&ccedil;o de negocia&ccedil;&atilde;o sobre o texto que est&aacute; no Senado. Vale lembrar que a essa altura, qualquer altera&ccedil;&atilde;o no texto for&ccedil;ar&aacute; uma nova tramita&ccedil;&atilde;o na C&acirc;mara. <\/p>\n<p>Rangel destacou ainda que a regula&ccedil;&atilde;o de conte&uacute;dos convergentes deve ser olhada tamb&eacute;m sob a &oacute;tica de aspectos concorrenciais, assegurando aos distribuidores pleno acesso aos conte&uacute;dos dispon&iacute;veis, mas tamb&eacute;m aos produtores de conte&uacute;do, acesso &agrave;s plataformas de distribui&ccedil;&atilde;o. &quot;Para isso &eacute; necess&aacute;ria uma regula&ccedil;&atilde;o convergente que n&atilde;o bloqueie o fluxo de informa&ccedil;&otilde;es&quot;. <\/p>\n<p>Al&eacute;m da defesa da concorr&ecirc;ncia, Rangel lembrou que &eacute; importante observar, nessa a&ccedil;&atilde;o reguladora, n&atilde;o s&oacute; o cap&iacute;tulo da comunica&ccedil;&atilde;o da Constitui&ccedil;&atilde;o, mas tamb&eacute;m o cap&iacute;tulo da Cultura. <em>(Samuel Possebon)  <\/em><\/p>\n","protected":false},"excerpt":{"rendered":"<p>Reproduzido do TelaViva News Ao discutir na ABTA 2010 a presen&ccedil;a de conte&uacute;dos nacionais na televis&atilde;o, Manoel Rangel, presidente da Ancine, exp&ocirc;s uma nova raz&atilde;o pela qual, a seu ver, a cria&ccedil;&atilde;o de cotas a conte&uacute;dos nacionais faz muito mais sentido na TV paga do que na TV aberta. &quot;Na TV aberta, os percentuais de &hellip; <a href=\"https:\/\/obscom.intervozes.org.br\/?p=24813\" class=\"more-link\">Continue lendo <span class=\"screen-reader-text\">Regula\u00e7\u00e3o de conte\u00fados convergentes deve ser vista pela \u00f3ptica concorrencial, diz Ancine<\/span> <span class=\"meta-nav\">&rarr;<\/span><\/a><\/p>\n","protected":false},"author":1,"featured_media":0,"comment_status":"open","ping_status":"open","sticky":false,"template":"","format":"standard","meta":{"footnotes":""},"categories":[39],"tags":[],"_links":{"self":[{"href":"https:\/\/obscom.intervozes.org.br\/index.php?rest_route=\/wp\/v2\/posts\/24813"}],"collection":[{"href":"https:\/\/obscom.intervozes.org.br\/index.php?rest_route=\/wp\/v2\/posts"}],"about":[{"href":"https:\/\/obscom.intervozes.org.br\/index.php?rest_route=\/wp\/v2\/types\/post"}],"author":[{"embeddable":true,"href":"https:\/\/obscom.intervozes.org.br\/index.php?rest_route=\/wp\/v2\/users\/1"}],"replies":[{"embeddable":true,"href":"https:\/\/obscom.intervozes.org.br\/index.php?rest_route=%2Fwp%2Fv2%2Fcomments&post=24813"}],"version-history":[{"count":0,"href":"https:\/\/obscom.intervozes.org.br\/index.php?rest_route=\/wp\/v2\/posts\/24813\/revisions"}],"wp:attachment":[{"href":"https:\/\/obscom.intervozes.org.br\/index.php?rest_route=%2Fwp%2Fv2%2Fmedia&parent=24813"}],"wp:term":[{"taxonomy":"category","embeddable":true,"href":"https:\/\/obscom.intervozes.org.br\/index.php?rest_route=%2Fwp%2Fv2%2Fcategories&post=24813"},{"taxonomy":"post_tag","embeddable":true,"href":"https:\/\/obscom.intervozes.org.br\/index.php?rest_route=%2Fwp%2Fv2%2Ftags&post=24813"}],"curies":[{"name":"wp","href":"https:\/\/api.w.org\/{rel}","templated":true}]}}