{"id":24811,"date":"2010-08-13T10:32:25","date_gmt":"2010-08-13T10:32:25","guid":{"rendered":"https:\/\/obscom.intervozes.org.br\/wordpress\/?p=24811"},"modified":"2010-08-13T10:32:25","modified_gmt":"2010-08-13T10:32:25","slug":"associacao-de-programadores-estrangeiros-e-veementemente-contra-cotas-em-projeto-da-tv-paga","status":"publish","type":"post","link":"https:\/\/obscom.intervozes.org.br\/?p=24811","title":{"rendered":"Associa\u00e7\u00e3o de programadores estrangeiros \u00e9 &#8220;veementemente contra&#8221; cotas em projeto da TV paga"},"content":{"rendered":"<p> \t<!-- \t\t@page { margin: 2cm } \t\tP { margin-bottom: 0.21cm } \t--> \t <\/p>\n<p style=\"margin-bottom: 0cm\" class=\"western\"><strong>Reproduzido do TelaViva News<\/strong><\/p>\n<p>Sean Spencer, diretor geral da TAP Latin America (associa&ccedil;&atilde;o que representa na Am&eacute;rica Latina os interesses dos programadores internacionais), ressaltou que a associa&ccedil;&atilde;o e a ABPTA (Associa&ccedil;&atilde;o Brasileira de Programadores de TV por Assinatura, que representa os canais estrangeiros no Brasil) continuam contra o Cap&iacute;tulo 5 do projeto de lei PLC 116\/2010. Trata-se do antigo PL 29, que cria novas regras para o setor de TV paga e audiovisual, e estabelece uma pol&iacute;tica de cotas para conte&uacute;do nacional. A associa&ccedil;&atilde;o destaca ser &quot;veementemente contra o cap&iacute;tulo 5 do projeto&quot; e ressalta que n&atilde;o h&aacute; porque mexer em algo que est&aacute; dando certo. &quot;Os programadores de TV por assinatura internacionais j&aacute; investiram, entre recursos do Artigo 39 e investimentos pr&oacute;prios, R$ 145 milh&otilde;es em produ&ccedil;&otilde;es nacionais&quot;, disse Sean Spencer, lembrando que a negocia&ccedil;&atilde;o para estabelecer estes mecanismos levou mais de um ano. Ele utilizou um ditado norte-americano para retratar a situa&ccedil;&atilde;o. &quot;If it ain&#39;t broken, don&#39;t fix it&quot; (se n&atilde;o est&aacute; quebrado, n&atilde;o conserte). Spencer participou de um painel durante a ABTA 2010, que acontece esta semana, em S&atilde;o Paulo. <\/p>\n<p>Segundo o comunicado das associa&ccedil;&otilde;es distribu&iacute;do &agrave; imprensa, os mecanismos estabelecidos no PLC 116\/2010 tiram o direito de escolha do p&uacute;blico, reduzem a oferta de conte&uacute;dos e de canais, encarecem ou inviabilizam a oferta dos canais existentes e aumentam o custo da assinatura dos servi&ccedil;os. &quot;Todas as pessoas que eu converso s&atilde;o contr&aacute;rias &agrave;s cotas, mesmo algumas que se manifestam a favor da aprova&ccedil;&atilde;o do projeto&quot;, disse. Manoel Rangel, presidente da Ancine, presente ao mesmo debate, ressaltou que n&atilde;o &eacute; verdade que todos s&atilde;o contr&aacute;rios &agrave;s cotas, mas lembrou que n&atilde;o &eacute; poss&iacute;vel fazer um projeto que contemple todos os interesses sem desagradar um pouco cada uma das partes. <em>(Da Reda&ccedil;&atilde;o)<\/em>  <\/p>\n","protected":false},"excerpt":{"rendered":"<p>Reproduzido do TelaViva News Sean Spencer, diretor geral da TAP Latin America (associa&ccedil;&atilde;o que representa na Am&eacute;rica Latina os interesses dos programadores internacionais), ressaltou que a associa&ccedil;&atilde;o e a ABPTA (Associa&ccedil;&atilde;o Brasileira de Programadores de TV por Assinatura, que representa os canais estrangeiros no Brasil) continuam contra o Cap&iacute;tulo 5 do projeto de lei PLC &hellip; <a href=\"https:\/\/obscom.intervozes.org.br\/?p=24811\" class=\"more-link\">Continue lendo <span class=\"screen-reader-text\">Associa\u00e7\u00e3o de programadores estrangeiros \u00e9 &#8220;veementemente contra&#8221; cotas em projeto da TV paga<\/span> <span class=\"meta-nav\">&rarr;<\/span><\/a><\/p>\n","protected":false},"author":1,"featured_media":0,"comment_status":"open","ping_status":"open","sticky":false,"template":"","format":"standard","meta":{"footnotes":""},"categories":[39],"tags":[],"_links":{"self":[{"href":"https:\/\/obscom.intervozes.org.br\/index.php?rest_route=\/wp\/v2\/posts\/24811"}],"collection":[{"href":"https:\/\/obscom.intervozes.org.br\/index.php?rest_route=\/wp\/v2\/posts"}],"about":[{"href":"https:\/\/obscom.intervozes.org.br\/index.php?rest_route=\/wp\/v2\/types\/post"}],"author":[{"embeddable":true,"href":"https:\/\/obscom.intervozes.org.br\/index.php?rest_route=\/wp\/v2\/users\/1"}],"replies":[{"embeddable":true,"href":"https:\/\/obscom.intervozes.org.br\/index.php?rest_route=%2Fwp%2Fv2%2Fcomments&post=24811"}],"version-history":[{"count":0,"href":"https:\/\/obscom.intervozes.org.br\/index.php?rest_route=\/wp\/v2\/posts\/24811\/revisions"}],"wp:attachment":[{"href":"https:\/\/obscom.intervozes.org.br\/index.php?rest_route=%2Fwp%2Fv2%2Fmedia&parent=24811"}],"wp:term":[{"taxonomy":"category","embeddable":true,"href":"https:\/\/obscom.intervozes.org.br\/index.php?rest_route=%2Fwp%2Fv2%2Fcategories&post=24811"},{"taxonomy":"post_tag","embeddable":true,"href":"https:\/\/obscom.intervozes.org.br\/index.php?rest_route=%2Fwp%2Fv2%2Ftags&post=24811"}],"curies":[{"name":"wp","href":"https:\/\/api.w.org\/{rel}","templated":true}]}}