{"id":24805,"date":"2010-08-12T00:21:13","date_gmt":"2010-08-12T00:21:13","guid":{"rendered":"https:\/\/obscom.intervozes.org.br\/wordpress\/?p=24805"},"modified":"2010-08-12T00:21:13","modified_gmt":"2010-08-12T00:21:13","slug":"para-globo-cotas-de-programacao-sao-ruins-mas-serao-aceitas-em-nome-de-uma-nova-legislacao","status":"publish","type":"post","link":"https:\/\/obscom.intervozes.org.br\/?p=24805","title":{"rendered":"Para Globo, cotas de programa\u00e7\u00e3o s\u00e3o ruins, mas ser\u00e3o aceitas em nome de uma nova legisla\u00e7\u00e3o"},"content":{"rendered":"<p> \t<!-- \t\t@page { margin: 2cm } \t\tP { margin-bottom: 0.21cm } \t--> \t <\/p>\n<p style=\"margin-bottom: 0cm\" class=\"padrao\">Durante a palestra de abertura do Congresso ABTA 2010, que acontece esta semana em S&atilde;o paulo, Roberto Irineu Marinho, presidente das organiza&ccedil;&otilde;es Globo, fez duras cr&iacute;ticas &agrave; pol&iacute;tica de cotas prevista no PLC 116\/2010 (antigo PL 29\/2007, que cria novas regras para o setor de TV paga), mas indicou que, em nome da aprova&ccedil;&atilde;o da proposta, o grupo n&atilde;o buscar&aacute; altera&ccedil;&otilde;es no projeto.<\/p>\n<p>Roberto Irineu Marinho ressaltou que as cotas n&atilde;o ser&atilde;o eficientes em proteger a cultura nacional, mas o pr&oacute;prio cen&aacute;rio competitivo. &quot;De todo modo, entendemos que outros vejam as cotas como uma necessidade. Por princ&iacute;pio, discordamos delas por n&atilde;o privilegiar a qualidade, mas acreditamos que a busca pelo consenso &eacute; importante no momento que vivemos&quot;, disse.<\/p>\n<p>Por fim, Marinho afirmou que, se a nova legisla&ccedil;&atilde;o vingar, &quot;e tudo indica que isso acontecer&aacute;&quot;, os progn&oacute;sticos para o setor s&atilde;o positivos. &quot;Acreditamos que o n&uacute;mero dos domic&iacute;lios com TV por assinatura pode mais do que dobrar nos pr&oacute;ximos cinco anos. Se em 2009, havia 7,5 milh&otilde;es de assinantes, acreditamos que em 2015 esse n&uacute;mero pode chegar a mais de 15 milh&otilde;es&quot;, disse.<\/p>\n<p>O otimismo neste novo cen&aacute;rio fica evidente quando o empres&aacute;rio aponta os investimentos feitos na programadora da Globo. &quot;Nos &uacute;ltimos cinco anos, investimos cerca de R$ 250 milh&otilde;es na Globosat. Somente neste ano de 2010, estamos investindo mais R$ 100 milh&otilde;es&quot;.<\/p>\n","protected":false},"excerpt":{"rendered":"<p>Durante a palestra de abertura do Congresso ABTA 2010, que acontece esta semana em S&atilde;o paulo, Roberto Irineu Marinho, presidente das organiza&ccedil;&otilde;es Globo, fez duras cr&iacute;ticas &agrave; pol&iacute;tica de cotas prevista no PLC 116\/2010 (antigo PL 29\/2007, que cria novas regras para o setor de TV paga), mas indicou que, em nome da aprova&ccedil;&atilde;o da &hellip; <a href=\"https:\/\/obscom.intervozes.org.br\/?p=24805\" class=\"more-link\">Continue lendo <span class=\"screen-reader-text\">Para Globo, cotas de programa\u00e7\u00e3o s\u00e3o ruins, mas ser\u00e3o aceitas em nome de uma nova legisla\u00e7\u00e3o<\/span> <span class=\"meta-nav\">&rarr;<\/span><\/a><\/p>\n","protected":false},"author":1,"featured_media":0,"comment_status":"open","ping_status":"open","sticky":false,"template":"","format":"standard","meta":{"footnotes":""},"categories":[40],"tags":[1382],"_links":{"self":[{"href":"https:\/\/obscom.intervozes.org.br\/index.php?rest_route=\/wp\/v2\/posts\/24805"}],"collection":[{"href":"https:\/\/obscom.intervozes.org.br\/index.php?rest_route=\/wp\/v2\/posts"}],"about":[{"href":"https:\/\/obscom.intervozes.org.br\/index.php?rest_route=\/wp\/v2\/types\/post"}],"author":[{"embeddable":true,"href":"https:\/\/obscom.intervozes.org.br\/index.php?rest_route=\/wp\/v2\/users\/1"}],"replies":[{"embeddable":true,"href":"https:\/\/obscom.intervozes.org.br\/index.php?rest_route=%2Fwp%2Fv2%2Fcomments&post=24805"}],"version-history":[{"count":0,"href":"https:\/\/obscom.intervozes.org.br\/index.php?rest_route=\/wp\/v2\/posts\/24805\/revisions"}],"wp:attachment":[{"href":"https:\/\/obscom.intervozes.org.br\/index.php?rest_route=%2Fwp%2Fv2%2Fmedia&parent=24805"}],"wp:term":[{"taxonomy":"category","embeddable":true,"href":"https:\/\/obscom.intervozes.org.br\/index.php?rest_route=%2Fwp%2Fv2%2Fcategories&post=24805"},{"taxonomy":"post_tag","embeddable":true,"href":"https:\/\/obscom.intervozes.org.br\/index.php?rest_route=%2Fwp%2Fv2%2Ftags&post=24805"}],"curies":[{"name":"wp","href":"https:\/\/api.w.org\/{rel}","templated":true}]}}