{"id":24798,"date":"2010-08-10T18:32:36","date_gmt":"2010-08-10T18:32:36","guid":{"rendered":"https:\/\/obscom.intervozes.org.br\/wordpress\/?p=24798"},"modified":"2010-08-10T18:32:36","modified_gmt":"2010-08-10T18:32:36","slug":"grupo-bandeirantes-e-visceralmente-contra-projeto-da-tv-paga-na-redacao-atual","status":"publish","type":"post","link":"https:\/\/obscom.intervozes.org.br\/?p=24798","title":{"rendered":"Grupo Bandeirantes \u00e9 &#8216;visceralmente contra&#8217; projeto da TV paga na reda\u00e7\u00e3o atual"},"content":{"rendered":"<p>   \t \t \t \t \t<!-- \t\t@page { margin: 2cm } \t\tP { margin-bottom: 0.21cm } \t--> \t  <\/p>\n<p style=\"margin-bottom: 0cm\" class=\"padrao\">A compra de 90% da operadora de cabo TV Cidade pelo grupo Bandeirantes, protocolada nesta segunda, 9, junto &agrave; Anatel, tem um significado que trascende, contudo, a simples presen&ccedil;a da empresa no setor de TV paga. O impacto mais significativo poder&aacute; ser sentido na tramita&ccedil;&atilde;o no Senado do PLC 116\/2010, o antigo PL 29\/2007, que cria nova regras para o setor de TV paga. Isso porque um dos pontos trazidos pelo projeto &eacute; a proibi&ccedil;&atilde;o que grupos produtores de conte&uacute;do ou de radiodifus&atilde;o controlem operadoras de TV por assinatura, assim como as teles n&atilde;o poder&atilde;o ter o controle sobre empresas de conte&uacute;do. <\/p>\n<p>Na configura&ccedil;&atilde;o atual do capital da TV Cidade, e prevalecendo essa reda&ccedil;&atilde;o do PLC 116, a Bandeirantes teria que vender a operadora de cabo. Para Walter Vieira Ceneviva, vice-presidente executivo do grupo Bandeirantes, esta regra sugerida na atual reda&ccedil;&atilde;o &quot;tromba com a realidade&quot; e por isso mesmo dificilmente vai ser mantida. &quot;O problema &eacute; que essa &eacute; uma situa&ccedil;&atilde;o que protege o mais forte&quot;, dando a entender que o grupo trabalhar&aacute; contra esse dispositivo. E, caso haja alguma altera&ccedil;&atilde;o de conte&uacute;do no texto do PLC 116\/2010, ele volta para a C&acirc;mara, onde a atual reda&ccedil;&atilde;o foi proposta.<\/p>\n<p>Mas n&atilde;o &eacute; s&oacute; ao aspecto do projeto que a Bandeirantes promete oposi&ccedil;&atilde;o. &quot;Embora reconhe&ccedil;amos que existem passos na dire&ccedil;&atilde;o correta, com a atual reda&ccedil;&atilde;o do projeto somos visceralmente contr&aacute;rios &agrave; sua aprova&ccedil;&atilde;o&quot;, diz Ceneviva. Ele destaca como aspectos negativos do projeto a forma como se trata a distribui&ccedil;&atilde;o de conte&uacute;dos brasileiros. &quot;Entendemos que o PLC 116 avan&ccedil;a ao tratar TV a cabo e telecomunica&ccedil;&otilde;es no mesmo n&iacute;vel, mas ele &eacute; p&iacute;fio em rela&ccedil;&atilde;o ao conte&uacute;do e privilegia apenas um modelo&quot;, diz o executivo, sem citar especificamente ningu&eacute;m. No passado, a Bandeirantes j&aacute; havia reclamado que o projeto, como est&aacute; escrito, d&aacute; vantagens competitivas para o grupo Globo, que teria condi&ccedil;&otilde;es de preencher praticamente todas as cotas de produ&ccedil;&atilde;o nacional, deixando pouco espa&ccedil;o para produtores como a Band.<\/p>\n<p>Para Walter Ceneviva, contudo, n&atilde;o faz sentido fatiar a proposta e aprovar as quest&otilde;es de distribui&ccedil;&atilde;o antes para depois trabalhar o conte&uacute;do. &quot;Tem que ser um projeto &uacute;nico&quot;, diz. Com isso, a Band joga uma grande press&atilde;o sobre as empresas de telecomunica&ccedil;&otilde;es que querem a aprova&ccedil;&atilde;o r&aacute;pida do PLC 116\/2010, como Embratel e Oi. H&aacute; no mercado quem entenda que com isso o grupo fica inclusive em uma situa&ccedil;&atilde;o mais confort&aacute;vel caso volte a procurar um novo investidor para a operadora, depois de tantas disputas judiciais. De qualquer maneira, &eacute; mais uma complicada vari&aacute;vel a ser acomodada na tramita&ccedil;&atilde;o PLC 116\/2010, pois, nas palavras do executivo de um outro importante grupo de m&iacute;dia brasileiro, &quot;no Senado, a coisa mais f&aacute;cil &eacute; parar um projeto&quot;.<\/p>\n","protected":false},"excerpt":{"rendered":"<p>A compra de 90% da operadora de cabo TV Cidade pelo grupo Bandeirantes, protocolada nesta segunda, 9, junto &agrave; Anatel, tem um significado que trascende, contudo, a simples presen&ccedil;a da empresa no setor de TV paga. O impacto mais significativo poder&aacute; ser sentido na tramita&ccedil;&atilde;o no Senado do PLC 116\/2010, o antigo PL 29\/2007, que &hellip; <a href=\"https:\/\/obscom.intervozes.org.br\/?p=24798\" class=\"more-link\">Continue lendo <span class=\"screen-reader-text\">Grupo Bandeirantes \u00e9 &#8216;visceralmente contra&#8217; projeto da TV paga na reda\u00e7\u00e3o atual<\/span> <span class=\"meta-nav\">&rarr;<\/span><\/a><\/p>\n","protected":false},"author":1,"featured_media":0,"comment_status":"open","ping_status":"open","sticky":false,"template":"","format":"standard","meta":{"footnotes":""},"categories":[40],"tags":[437],"_links":{"self":[{"href":"https:\/\/obscom.intervozes.org.br\/index.php?rest_route=\/wp\/v2\/posts\/24798"}],"collection":[{"href":"https:\/\/obscom.intervozes.org.br\/index.php?rest_route=\/wp\/v2\/posts"}],"about":[{"href":"https:\/\/obscom.intervozes.org.br\/index.php?rest_route=\/wp\/v2\/types\/post"}],"author":[{"embeddable":true,"href":"https:\/\/obscom.intervozes.org.br\/index.php?rest_route=\/wp\/v2\/users\/1"}],"replies":[{"embeddable":true,"href":"https:\/\/obscom.intervozes.org.br\/index.php?rest_route=%2Fwp%2Fv2%2Fcomments&post=24798"}],"version-history":[{"count":0,"href":"https:\/\/obscom.intervozes.org.br\/index.php?rest_route=\/wp\/v2\/posts\/24798\/revisions"}],"wp:attachment":[{"href":"https:\/\/obscom.intervozes.org.br\/index.php?rest_route=%2Fwp%2Fv2%2Fmedia&parent=24798"}],"wp:term":[{"taxonomy":"category","embeddable":true,"href":"https:\/\/obscom.intervozes.org.br\/index.php?rest_route=%2Fwp%2Fv2%2Fcategories&post=24798"},{"taxonomy":"post_tag","embeddable":true,"href":"https:\/\/obscom.intervozes.org.br\/index.php?rest_route=%2Fwp%2Fv2%2Ftags&post=24798"}],"curies":[{"name":"wp","href":"https:\/\/api.w.org\/{rel}","templated":true}]}}