{"id":24783,"date":"2010-08-04T17:10:14","date_gmt":"2010-08-04T17:10:14","guid":{"rendered":"https:\/\/obscom.intervozes.org.br\/wordpress\/?p=24783"},"modified":"2010-08-04T17:10:14","modified_gmt":"2010-08-04T17:10:14","slug":"anatel-distancia-se-do-carater-de-politica-publica-em-beneficio-da-sociedade","status":"publish","type":"post","link":"https:\/\/obscom.intervozes.org.br\/?p=24783","title":{"rendered":"&#8220;Anatel distancia-se do car\u00e1ter de pol\u00edtica p\u00fablica em benef\u00edcio da sociedade&#8221;"},"content":{"rendered":"<p>   \t \t \t \t \t<!-- \t\t@page { margin: 2cm } \t\tP { margin-bottom: 0.21cm } \t--> \t      \t \t \t \t \t<!-- \t\t@page { margin: 2cm } \t\tP { margin-bottom: 0.21cm } \t--> \t  <\/p>\n<p style=\"margin-bottom: 0cm\" class=\"western\"><em>[T&iacute;tulo original: Anatel, focada no mercado, esquece os interesses da sociedade]<\/em><span class=\"padrao\"><\/p>\n<p>A Ag&ecirc;ncia Nacional de Telecomunica&ccedil;&otilde;es (Anatel) est&aacute; se afastando da sua miss&atilde;o de implementar pol&iacute;ticas p&uacute;blicas. Criada em 1997 para promover o desenvolvimento do setor com servi&ccedil;os eficientes e adequados, defendendo os interesses da sociedade, a Ag&ecirc;ncia est&aacute; focada no mercado, segundo Jos&eacute; Zunga Alves de Lima*, representante da sociedade civil no seu Conselho Diretor. Trabalhador do setor de telecomunica&ccedil;&otilde;es h&aacute; 30 anos, Zunga considera que a ag&ecirc;ncia atua hoje de forma equivocada.<\/p>\n<p>Em entrevista para o <em>e-F&oacute;rum<\/em>, Zunga defende a descriminaliza&ccedil;&atilde;o das r&aacute;dios comunit&aacute;rias e considera que a Associa&ccedil;&atilde;o Brasileira de Emissoras de R&aacute;dio e Televis&atilde;o (Abert) pressiona a Anatel manobrando a opini&atilde;o p&uacute;blica &#8211; quando justamente a Ag&ecirc;ncia &eacute; que deveria traduzir a opini&atilde;o p&uacute;blica e os interesses da sociedade, no que diz respeito &agrave; sua &aacute;rea.<\/p>\n<p>Para o Conselheiro, o Governo Federal errou ao deixar a Anatel e o Minist&eacute;rio da Justi&ccedil;a fora do Grupo Interministerial que estudar&aacute; um novo marco regulat&oacute;rio das comunica&ccedil;&otilde;es brasileiras. Ele reclama a corre&ccedil;&atilde;o desse erro.<\/p>\n<p>Leia a seguir.<\/p>\n<p><strong>O governo criou um Grupo Interministerial para estudar o marco regulat&oacute;rio da comunica&ccedil;&atilde;o e n&atilde;o incluiu a Anatel. Isso significa que est&aacute; fazendo uma avalia&ccedil;&atilde;o negativa sobre o modelo de agente normativo e regulador das telecomunica&ccedil;&otilde;es representado pela Ag&ecirc;ncia? <br \/><\/strong>Acho que n&atilde;o. Eu entendo que a linha atual do governo &eacute; de reconhecimento da efic&aacute;cia do instrumento regulat&oacute;rio. N&atilde;o s&oacute; do setor de comunica&ccedil;&otilde;es, mas de todas as ag&ecirc;ncias regulat&oacute;rias. O governo vem trabalhando no sentido de fortalecer o &oacute;rg&atilde;o regulador nas suas a&ccedil;&otilde;es setoriais, tanto no car&aacute;ter or&ccedil;ament&aacute;rio, quanto na indica&ccedil;&atilde;o de seus quadros.<br \/>Pontualmente, no que diz respeito &agrave;s telecomunica&ccedil;&otilde;es, no momento em que se trata da revis&atilde;o do marco regulat&oacute;rio, podemos fazer um par&ecirc;ntese a&iacute; do que &eacute; a Anatel hoje. A Anatel tem se distanciado do car&aacute;ter de pol&iacute;tica p&uacute;blica em benef&iacute;cio da sociedade nos &uacute;ltimos 10 anos. Na medida em que a Anatel se pauta pela sua lentid&atilde;o no processo regulat&oacute;rio, por decis&otilde;es que n&atilde;o s&atilde;o eficazes ao benef&iacute;cio do usu&aacute;rio direto, como metas de competitividade, condi&ccedil;&otilde;es para entrada de novos competidores, ela se distancia.<br \/>Observando politicamente a Anatel, como ela funciona hoje, o seu quadro fragmentado interno mostra tamb&eacute;m que a interlocu&ccedil;&atilde;o de dentro para fora da ag&ecirc;ncia est&aacute; totalmente prejudicada. Observe que recentemente, no mesmo m&ecirc;s em que o governo lan&ccedil;ou o grupo de trabalho interministerial, a Anatel, atrav&eacute;s de sua Presid&ecirc;ncia (o presidente da Anatel &eacute; Ronaldo Mota Sardenberg), fez uma consulta para reestrutura&ccedil;&atilde;o da ag&ecirc;ncia, num ato monocr&aacute;tico, sem sequer consultar os demais conselheiros, rompendo o car&aacute;ter colegiado do &oacute;rg&atilde;o regulador. Entendo que isso &eacute; extremamente antidemocr&aacute;tico e fere a &eacute;tica da gest&atilde;o participativa.<\/p>\n<p><strong>E como resposta a essa a&ccedil;&atilde;o da Anatel, o que o governo faz? Repreende?<\/strong><br \/>N&atilde;o, porque estamos tratando de um &oacute;rg&atilde;o que tem independ&ecirc;ncia do Executivo na sua configura&ccedil;&atilde;o. Os &oacute;rg&atilde;os reguladores s&atilde;o instrumentos de Estado, mas n&atilde;o diretamente ligados ao Executivo, t&ecirc;m certa independ&ecirc;ncia, embora seja o Executivo que nomeie atrav&eacute;s de sabatina no Senado, os membros do Conselho Diretor. Mas isso, por si s&oacute;, n&atilde;o garante que a pol&iacute;tica p&uacute;blica pensada pelo governo seja implementada numa rapidez que gere benef&iacute;cio social.<br \/>Por isso &eacute; que vemos, ultimamente, uma s&eacute;rie de manifesta&ccedil;&otilde;es de outros segmentos do governo, como, por exemplo, a Justi&ccedil;a Federal, que tem, repetidas vezes, interferido no processo regulat&oacute;rio com a&ccedil;&otilde;es, em fun&ccedil;&atilde;o da lentid&atilde;o do &oacute;rg&atilde;o regulador.<br \/>A Anatel precisa passar por um choque de realidade. Acho que as caracter&iacute;sticas atuais do Conselho Diretor prejudicam esse processo. Diferentemente do Conselho Consultivo, que abre o seu processo de funcionamento e aproxima da sociedade, o Conselho Diretor faz exatamente o inverso, aumentando o fosso da interlocu&ccedil;&atilde;o com a sociedade.<\/p>\n<p><strong>Mas o relat&oacute;rio anual de atividades da Anatel, de 2009, foi recentemente aprovado pelo Conselho Consultivo.<br \/><\/strong>Foi aprovado com ressalvas extremamente cr&iacute;ticas, por unanimidade do Conselho Consultivo (CC). Mas a pe&ccedil;a da Anatel sofreu uma grande mudan&ccedil;a &#8211; &eacute; claro que nisso pesou muito a decis&atilde;o do CC, no ano passado, de rejeitar o relat&oacute;rio de 2008. Hoje, a Anatel apresenta as suas a&ccedil;&otilde;es, em seu documento, de uma forma mais transparente.<br \/>No entanto, quando n&oacute;s [CC] listamos as ressalvas, elas s&atilde;o as mesmas que fazemos historicamente, realtivas ao distanciamento, mecanismos ineficazes, mecanismos de san&ccedil;&atilde;o com car&aacute;ter protelat&oacute;rio em benef&iacute;cio ao irregular, que maltrata o usu&aacute;rio e que justamente deveria ser alvo de benef&iacute;cio. O CC listou uma s&eacute;rie de elementos cr&iacute;ticos e o relat&oacute;rio do conselheiro Israel Bayma constroi essa linha, observando uma s&eacute;rie de erros (o relat&oacute;rio est&aacute; em fase final de reda&ccedil;&atilde;o, ser&aacute; disponbilizado ap&oacute;s sua entrega na Anatel).<\/p>\n<p><strong>Por que o relat&oacute;rio anterior foi rejeitado?<br \/><\/strong>No ano passado, a rejei&ccedil;&atilde;o do relat&oacute;rio tinha como pilar todas essas limita&ccedil;&otilde;es que estamos enumerando agora e ainda o agravante da manifesta&ccedil;&atilde;o do TCU (Tribunal de Contas da Uni&atilde;o), que fez uma s&eacute;rie de solicita&ccedil;&otilde;es de comunica&ccedil;&atilde;o de informa&ccedil;&atilde;o, porque tamb&eacute;m recebeu o documento pela metade.<br \/>Ent&atilde;o, n&oacute;s do Conselho Consultivo, que &eacute; uma pe&ccedil;a de controle da sociedade dentro da Anatel, o rejeitamos pela forma incompetente como a Ag&ecirc;ncia preparou o documento e o encaminhou ao CC e aos &oacute;rg&atilde;o externos, que s&atilde;o o Tribunal de Contas da Uni&atilde;o, a Controladoria Geral da Uni&atilde;o e a Advocacia Geral da Uni&atilde;o,.<\/p>\n<p><strong>Qual foi o resultado disso?<br \/><\/strong>O efeito de san&ccedil;&atilde;o &eacute; mais pol&iacute;tico do que jur&iacute;dico. O CC &eacute; um organismo pol&iacute;tico. O Relat&oacute;rio 2008 passa a ser uma pe&ccedil;a de observa&ccedil;&atilde;o especial pelos &oacute;rg&atilde;os de controle externos. Fica constando nos anais da Anatel que na an&aacute;lise desse documento houve rejei&ccedil;&atilde;o por parte do CC.<br \/>Ao aprovar o relat&oacute;rio, este ano, aprovamos a letra fria, porque o relat&oacute;rio veio completo. No entanto, na an&aacute;lise pol&iacute;tica, que &eacute; subjetiva, n&oacute;s enumeramos uma s&eacute;rie de ressalvas.<\/p>\n<p><strong>Ent&atilde;o voc&ecirc;s conclu&iacute;ram que a Anatel n&atilde;o cumpriu o seu papel?<\/strong><br \/>Ela come&ccedil;ou a avan&ccedil;ar, inclusive pelas press&otilde;es externas, mas ainda precisa avan&ccedil;ar muito mais. Esse exemplo do presidente da Anatel, que na semana passada pediu ao Minist&eacute;rio das Comunica&ccedil;&otilde;es para iniciar a reestrutura&ccedil;&atilde;o da ag&ecirc;ncia sem sequer consultar os conselheiros, mostra que, a seguir nesse ritmo, ela caminha para tr&aacute;s, porque cria um clima interno de desconforto. Ele foi autorit&aacute;rio e anti&eacute;tico. Isso s&oacute; aumenta a crise interna de gest&atilde;o.<\/p>\n<p><strong>S&atilde;o procedentes as cr&iacute;ticas de que a Anatel defende as telecoms?<\/strong><br \/>Acho que a Anatel precisa defender a sociedade. Enquanto ela tiver a agenda focada no mercado e n&atilde;o fizer o equil&iacute;brio, estar&aacute; equivocada. A Ag&ecirc;ncia precisa preparar o processo de competi&ccedil;&atilde;o, o ingresso de novos competidores, com busca da melhoria da qualidade de servi&ccedil;os. Enquanto isso n&atilde;o acontece, ela passa a ser um &oacute;rg&atilde;o de regula&ccedil;&atilde;o das empresas instaladas e n&atilde;o reguladora de mercado.<br \/>Quando se observa que a quantidade de reclama&ccedil;&atilde;o dos usu&aacute;rios aumenta cada vez mais, a sociedade est&aacute; descontente e o &oacute;rg&atilde;o regulador parece concordar com isso, &eacute; porque alguma coisa est&aacute; errada.<\/p>\n<p><strong>E quanto as den&uacute;ncias de que a Anatel fiscaliza as r&aacute;dios comunit&aacute;rias e n&atilde;o as comerciais?<br \/><\/strong>Realizamos, at&eacute; por iniciativa minha, dentro do Conselho Consultivo, duas audi&ecirc;ncias p&uacute;blicas, inclusive ouvindo a Abra&ccedil;o (Associa&ccedil;&atilde;o Brasileira de Radiodifus&atilde;o Comunit&aacute;ria), e na linha do projeto de lei que tramita no Congresso Nacional, de descriminaliza&ccedil;&atilde;o das r&aacute;dios comunit&aacute;rias (o PL est&aacute; tramitando na C&acirc;mara Federal). E tamb&eacute;m acolhendo resolu&ccedil;&otilde;es da Confecom, estamos tentando melhorar este car&aacute;ter. Acho que a a&ccedil;&atilde;o de pol&iacute;cia da Anatel em rela&ccedil;&atilde;o &agrave;s r&aacute;dios comunit&aacute;rias &eacute; um tratamento diferenciado de outros segmentos que tamb&eacute;m cometem irregularidades.<br \/>N&atilde;o devemos pedir ao &oacute;rg&atilde;o que feche os olhos &agrave;s irregularidades, mas n&atilde;o pode dar tratamento diferenciado e agir com poder de pol&iacute;cia. Estamos falando de um servi&ccedil;o a favor da sociedade e a Anatel n&atilde;o deve comparecer com for&ccedil;a policial, com a Pol&iacute;cia Federal para lacrar uma r&aacute;dio comunit&aacute;ria, quando n&atilde;o o faz contra uma empresa de radiodifus&atilde;o vinculada &agrave; Abert (Associa&ccedil;&atilde;o Brasileira de Emissoras de R&aacute;dio e Televis&atilde;o), por exemplo.<br \/>Ent&atilde;o, &eacute; uma a&ccedil;&atilde;o descriminalizadora. Acho que a Abert, por estar dentro dos &oacute;rg&atilde;os de comunica&ccedil;&atilde;o, acaba exercendo um poder de opini&atilde;o p&uacute;blica muito forte na Anatel. Isso &eacute; equivocado, porque a Anatel &eacute; a opini&atilde;o p&uacute;blica propriamente dita, dos interesses da sociedade. E n&oacute;s defendemos que o processo de descriminaliza&ccedil;&atilde;o das r&aacute;dios comunit&aacute;rias seja aprovado urgentemente pelo Congresso Nacional e temos que trabalhar para isso.<br \/>No Conselho Consultivo, estamos criando um grupo de trabalho que vai preparar, dentro de uma an&aacute;lise que &eacute; o projeto de lei das resolu&ccedil;&otilde;es da Confecom, uma s&eacute;rie de sugest&otilde;es ao Conselho Diretor sobre a discriminaliza&ccedil;&atilde;o das r&aacute;dios comunit&aacute;rias.<\/p>\n<p><strong>Os n&uacute;meros relativos &agrave; repress&atilde;o &agrave;s comunit&aacute;rias est&atilde;o nos relat&oacute;rios da Anatel? <br \/><\/strong>Na audi&ecirc;ncia p&uacute;blica, foi tratado uma s&eacute;rie de den&uacute;ncias feitas pela Abra&ccedil;o, relativas &agrave; postura da Anatel frente &agrave; fiscaliza&ccedil;&atilde;o das r&aacute;dios comunit&aacute;rias. Todas as den&uacute;ncias est&atilde;o sendo observadas, inclusive aquelas em que o fiscal comparece a uma determinada r&aacute;dio j&aacute; acompanhado da pol&iacute;cia e determinada televis&atilde;o j&aacute; filmando tudo. Ou ent&atilde;o, quando a fiscaliza&ccedil;&atilde;o comparece, com suposto patroc&iacute;nio de empresas de comunica&ccedil;&atilde;o, a determinado local.<br \/>Estamos aguardando um parecer da Anatel se s&atilde;o procedentes ou n&atilde;o essas den&uacute;ncias. Os n&uacute;meros que a Abra&ccedil;o coloca s&atilde;o preocupantes. H&aacute; uma criminaliza&ccedil;&atilde;o e isso deve ser abominado, transformado em coisa do passado. Temos que tratar a radiodifus&atilde;o comunit&aacute;ria como um servi&ccedil;o de relevante interesse social e o tratamento, dentro do marco regulat&oacute;rio, deve ser t&atilde;o respeitoso quanto o que &eacute; dado &agrave;s demais empresas outorgadas e autorizadas que est&atilde;o operando no setor.<\/p>\n<p><strong>Na sua opini&atilde;o, a Anatel deveria fazer parte do grupo interministerial para o marco regulat&oacute;rio?<br \/><\/strong>Eu sugeri ao CC que n&atilde;o s&oacute; a Anatel, como tamb&eacute;m o Minist&eacute;rio da Justi&ccedil;a, em fun&ccedil;&atilde;o desse projeto de descriminaliza&ccedil;&atilde;o das r&aacute;dios comunit&aacute;rias, fossem convidados a compor o GT. Acho que construir uma revis&atilde;o do marco regulat&oacute;rio sem incluir esses organismos pode fragilizar as suas resolu&ccedil;&otilde;es.<br \/>Penso que o governo errou quando criou esse grupo excluindo esses elementos. O Minist&eacute;rio da Justi&ccedil;a, tem a tarefa de fiscalizar e at&eacute; poder de pol&iacute;cia em determinadas situa&ccedil;&otilde;es, e tamb&eacute;m tem car&aacute;ter social, e a Anatel, que tem o papel regulador e de fiscaliza&ccedil;&atilde;o. Acho que isso precisa ser corrigido.<\/p>\n<p><em>*Jos&eacute; Zunga Alves de Lima j&aacute; foi presidente da CUT DF e da Federa&ccedil;&atilde;o Interestadual dos Trabalhadores em Telecomunica&ccedil;&otilde;es (Fittel). &Eacute; fundador do Instituto Observat&oacute;rio Social de Telecomunica&ccedil;&otilde;es (IOST). <\/em><\/span> <\/p>\n<p style=\"margin-bottom: 0cm\" class=\"western\"> <\/p>\n","protected":false},"excerpt":{"rendered":"<p><span class=\"padrao\">Membro do Conselho Consultivo diz que ag&ecirc;ncia atua focada exclusivamente no mercado <\/span><\/p>\n","protected":false},"author":1,"featured_media":0,"comment_status":"open","ping_status":"open","sticky":false,"template":"","format":"standard","meta":{"footnotes":""},"categories":[43],"tags":[870],"_links":{"self":[{"href":"https:\/\/obscom.intervozes.org.br\/index.php?rest_route=\/wp\/v2\/posts\/24783"}],"collection":[{"href":"https:\/\/obscom.intervozes.org.br\/index.php?rest_route=\/wp\/v2\/posts"}],"about":[{"href":"https:\/\/obscom.intervozes.org.br\/index.php?rest_route=\/wp\/v2\/types\/post"}],"author":[{"embeddable":true,"href":"https:\/\/obscom.intervozes.org.br\/index.php?rest_route=\/wp\/v2\/users\/1"}],"replies":[{"embeddable":true,"href":"https:\/\/obscom.intervozes.org.br\/index.php?rest_route=%2Fwp%2Fv2%2Fcomments&post=24783"}],"version-history":[{"count":0,"href":"https:\/\/obscom.intervozes.org.br\/index.php?rest_route=\/wp\/v2\/posts\/24783\/revisions"}],"wp:attachment":[{"href":"https:\/\/obscom.intervozes.org.br\/index.php?rest_route=%2Fwp%2Fv2%2Fmedia&parent=24783"}],"wp:term":[{"taxonomy":"category","embeddable":true,"href":"https:\/\/obscom.intervozes.org.br\/index.php?rest_route=%2Fwp%2Fv2%2Fcategories&post=24783"},{"taxonomy":"post_tag","embeddable":true,"href":"https:\/\/obscom.intervozes.org.br\/index.php?rest_route=%2Fwp%2Fv2%2Ftags&post=24783"}],"curies":[{"name":"wp","href":"https:\/\/api.w.org\/{rel}","templated":true}]}}