{"id":24782,"date":"2010-08-04T16:56:22","date_gmt":"2010-08-04T16:56:22","guid":{"rendered":"https:\/\/obscom.intervozes.org.br\/wordpress\/?p=24782"},"modified":"2010-08-04T16:56:22","modified_gmt":"2010-08-04T16:56:22","slug":"governo-divulga-composicao-do-comite-responsavel-pelas-metas-do-pnbl","status":"publish","type":"post","link":"https:\/\/obscom.intervozes.org.br\/?p=24782","title":{"rendered":"Governo divulga composi\u00e7\u00e3o do comit\u00ea respons\u00e1vel pelas metas do PNBL"},"content":{"rendered":"<p>   \t \t \t \t \t<!-- \t\t@page { margin: 2cm } \t\tP { margin-bottom: 0.21cm } \t--> \t  <\/p>\n<p style=\"margin-bottom: 0cm\" class=\"padrao\"><a name=\"lblTitulo\" title=\"lblTitulo\"><\/a><a name=\"lblTexto\" title=\"lblTexto\"><\/a><strong>Reproduzido do TeleTime News<\/strong><\/p>\n<p>Foi publicado no Di&aacute;rio Oficial da Uni&atilde;o (DOU) desta ter&ccedil;a-feira, 3, portaria da Casa Civil definindo os componentes do Comit&ecirc; Gestor do Programa de Inclus&atilde;o Digital (CGPID), respons&aacute;vel por comandar o principal programa de governo para as telecomunica&ccedil;&otilde;es, o Plano Nacional de Banda Larga (PNBL). Entre titulares e suplentes, o grupo contar&aacute; com 24 membros, representando as diversas pastas do Poder Executivo envolvidas na implementa&ccedil;&atilde;o do projeto. <\/p>\n<p>O grupo ter&aacute; entre suas tarefas estabelecer os crit&eacute;rios de qualifica&ccedil;&atilde;o da oferta de servi&ccedil;os de banda larga feita atualmente pelas empresas privadas. Este &eacute; o aspecto que mais causa temor &agrave;s empresas: a defini&ccedil;&atilde;o do que, afinal, &eacute; uma &quot;oferta adequada&quot; para este servi&ccedil;o. Essa defini&ccedil;&atilde;o &eacute; crucial para o papel que a Telebr&aacute;s pode vir a exercer no futuro. Isso porque o decreto que revitalizou a estatal estabelece que ela s&oacute; poder&aacute; &quot;competir&quot; no mercado privado caso fique caracterizado que n&atilde;o h&aacute; uma &quot;oferta adequada&quot; do servi&ccedil;o. <\/p>\n<p>Confira abaixo as autoridades que ter&atilde;o assento no CGPID: <\/p>\n<p>* Casa Civil da Presid&ecirc;ncia da Rep&uacute;blica &#8211; Carlos Eduardo Esteves Lima (titular e presidente do CGPID) &#8211; Gabriel Boavista Laender (suplente) <br \/>* Gabinete Pessoal do Presidente da Rep&uacute;blica &#8211; Cesar Santos Alvarez (titular) &#8211; Elisa Vieira Leonel Peixoto (suplente) <br \/>* Secretaria de Comunica&ccedil;&atilde;o Social da Presid&ecirc;ncia da Rep&uacute;blica &#8211; Ottoni Guimar&atilde;es Fernandes J&uacute;nior (titular) &#8211; Nelson Breve Dias (suplente) <br \/>* Secretaria de Assuntos Estrat&eacute;gicos da Presid&ecirc;ncia da Rep&uacute;blica &#8211; Luiz Alfredo Salom&atilde;o (titular) &#8211; Telmo Cardoso Lustosa (suplente) <br \/>* Minist&eacute;rio das Comunica&ccedil;&otilde;es &#8211; Roberto Pinto Martins (titular) &#8211; &Aacute;tila Augusto Souto (suplente) <br \/>* Minist&eacute;rio da Ci&ecirc;ncia e Tecnologia &#8211; Augusto C&eacute;sar Gadelha Vieira (titular) &#8211; Roosevelt Tom&eacute; Silva Filho (suplente) <br \/>* Minist&eacute;rio da Educa&ccedil;&atilde;o &#8211; Carlos Eduardo Bielschowsky (titular) &#8211; Jos&eacute; Guilherme Moreira Ribeiro (suplente) <br \/>* Minist&eacute;rio da Cultura &#8211; Jos&eacute; Murilo Costa Carvalho J&uacute;nior (titular) &#8211; M&aacute;rcia de Noronha Santos Ferran (suplente) <br \/>* Minist&eacute;rio do Planejamento, Or&ccedil;amento e Gest&atilde;o &#8211; Loreni Fracasso Foresti (titular) &#8211; Cristina Kiomi Mori (suplente) <br \/>* Minist&eacute;rio do Desenvolvimento, Ind&uacute;stria e Com&eacute;rcio Exterior &#8211; Rafael Henrique Rodrigues Moreira (titular) &#8211; Jos&eacute; Ricardo Ramos Sales (suplente) <br \/>* Minist&eacute;rio da Sa&uacute;de &#8211; M&aacute;rcia Bassit Lameiro da Costa Mazzoli (titular) &#8211; Luis Gustavo Loyola dos Santos (suplente) <br \/>* Minist&eacute;rio da Fazenda &#8211; Odilon Neves J&uacute;nior (titular) &#8211; Josenilson Torres Veras (suplente)<\/p>\n","protected":false},"excerpt":{"rendered":"<p>Reproduzido do TeleTime News Foi publicado no Di&aacute;rio Oficial da Uni&atilde;o (DOU) desta ter&ccedil;a-feira, 3, portaria da Casa Civil definindo os componentes do Comit&ecirc; Gestor do Programa de Inclus&atilde;o Digital (CGPID), respons&aacute;vel por comandar o principal programa de governo para as telecomunica&ccedil;&otilde;es, o Plano Nacional de Banda Larga (PNBL). Entre titulares e suplentes, o grupo &hellip; <a href=\"https:\/\/obscom.intervozes.org.br\/?p=24782\" class=\"more-link\">Continue lendo <span class=\"screen-reader-text\">Governo divulga composi\u00e7\u00e3o do comit\u00ea respons\u00e1vel pelas metas do PNBL<\/span> <span class=\"meta-nav\">&rarr;<\/span><\/a><\/p>\n","protected":false},"author":1,"featured_media":0,"comment_status":"open","ping_status":"open","sticky":false,"template":"","format":"standard","meta":{"footnotes":""},"categories":[39],"tags":[],"_links":{"self":[{"href":"https:\/\/obscom.intervozes.org.br\/index.php?rest_route=\/wp\/v2\/posts\/24782"}],"collection":[{"href":"https:\/\/obscom.intervozes.org.br\/index.php?rest_route=\/wp\/v2\/posts"}],"about":[{"href":"https:\/\/obscom.intervozes.org.br\/index.php?rest_route=\/wp\/v2\/types\/post"}],"author":[{"embeddable":true,"href":"https:\/\/obscom.intervozes.org.br\/index.php?rest_route=\/wp\/v2\/users\/1"}],"replies":[{"embeddable":true,"href":"https:\/\/obscom.intervozes.org.br\/index.php?rest_route=%2Fwp%2Fv2%2Fcomments&post=24782"}],"version-history":[{"count":0,"href":"https:\/\/obscom.intervozes.org.br\/index.php?rest_route=\/wp\/v2\/posts\/24782\/revisions"}],"wp:attachment":[{"href":"https:\/\/obscom.intervozes.org.br\/index.php?rest_route=%2Fwp%2Fv2%2Fmedia&parent=24782"}],"wp:term":[{"taxonomy":"category","embeddable":true,"href":"https:\/\/obscom.intervozes.org.br\/index.php?rest_route=%2Fwp%2Fv2%2Fcategories&post=24782"},{"taxonomy":"post_tag","embeddable":true,"href":"https:\/\/obscom.intervozes.org.br\/index.php?rest_route=%2Fwp%2Fv2%2Ftags&post=24782"}],"curies":[{"name":"wp","href":"https:\/\/api.w.org\/{rel}","templated":true}]}}