{"id":24779,"date":"2010-08-04T16:25:14","date_gmt":"2010-08-04T16:25:14","guid":{"rendered":"https:\/\/obscom.intervozes.org.br\/wordpress\/?p=24779"},"modified":"2010-08-04T16:25:14","modified_gmt":"2010-08-04T16:25:14","slug":"tv-cultura-vai-cortar-80-dos-funcionarios-e-diminuir-producao-propria","status":"publish","type":"post","link":"https:\/\/obscom.intervozes.org.br\/?p=24779","title":{"rendered":"TV Cultura vai cortar 80% dos funcion\u00e1rios e diminuir produ\u00e7\u00e3o pr\u00f3pria"},"content":{"rendered":"<p>   \t \t \t \t \t<!-- \t\t@page { margin: 2cm } \t\tP { margin-bottom: 0.21cm } \t--> \t  <\/p>\n<p style=\"margin-bottom: 0cm\" class=\"padrao\"><em>[T&iacute;tulo original: Bomba: TV Cultura vai cortar programas e demitir 1.400]<\/em><\/p>\n<p>Ex-secret&aacute;rio de Cultura do Estado de S&atilde;o Paulo, Jo&atilde;o Sayad assumiu a presid&ecirc;ncia da TV Cultura em junho com a miss&atilde;o de reduzir a TV p&uacute;blica paulista a uma simples TV estatal. Com o aval do ex-governador Jos&eacute; Serra e do atual governador, Alberto Goldman, Sayad pretende reduzir ao m&aacute;ximo a produ&ccedil;&atilde;o de programas e cortar o n&uacute;mero de funcion&aacute;rios em quase 80%, dos atuais 1.800 para 400.<\/p>\n<p>Sayad pensa at&eacute; em vender o patrim&ocirc;nio da TV Cultura. J&aacute; encomendou aos advogados da emissora um estudo sobre a viabilidade de a Funda&ccedil;&atilde;o Padre Anchieta, mantenedora da TV, se desfazer de seus est&uacute;dios e edif&iacute;cios na &Aacute;gua Branca, em S&atilde;o Paulo.<\/p>\n<p>Em reuni&otilde;es com diretores da emissora, Sayad tem dito que a Cultura n&atilde;o precisa ter mais do que 400 funcion&aacute;rios, que ficariam, segundo ele, muito bem instalados em um andar de um pr&eacute;dio comercial. A postura evidencia que a TV Cultura deixou de ser uma quest&atilde;o de pol&iacute;tica p&uacute;blica. Passou a ser um &quot;pepino&quot;, um problema a ser eliminado pelo governo do Estado.<\/p>\n<p>Fontes ouvidas pelo blog informam que Sayad vive dizendo que ir&aacute; transformar a Cultura, hoje produtora de programas, em uma coprodutora. Ou seja, ela deixar&aacute; de produzir de produzir programas de entretenimento. Passar&aacute; a encomend&aacute;-los a produtoras independentes e a compr&aacute;-los no mercado internacional. Atra&ccedil;&otilde;es como o Metr&oacute;polis podem estar em seus &uacute;ltimos dias.<\/p>\n<p>O jornalismo da Cultura deixar&aacute; de investir no notici&aacute;rio do dia a dia, caro e melhor produzido pelas redes comerciais. A partir de setembro, o Jornal da Cultura, com Maria Cristina Poli, passar&aacute; a ser um jornal mais de debates, de discuss&atilde;o sobre o notici&aacute;rio, do que de not&iacute;cias.<\/p>\n<p><strong>Corte de receitas<\/strong><\/p>\n<p>A TV Cultura tem hoje um or&ccedil;amento de cerca R$ 230 milh&otilde;es. Desse total, R$ 50 milh&otilde;es v&ecirc;m da venda de espa&ccedil;o nos intervalos dos programas para anunciantes privados. Outros R$ 60 milh&otilde;es s&atilde;o oriundos da presta&ccedil;&atilde;o de servi&ccedil;os, como &eacute; chamada na emissora a produ&ccedil;&atilde;o de programas e v&iacute;deos para institui&ccedil;&otilde;es como o Tribunal Superior Eleitoral, a Procuradoria da Rep&uacute;blica, a TV Assembleia (do Estado de S.Paulo) e a TV Justi&ccedil;a.<\/p>\n<p>Pois a gest&atilde;o de Sayad j&aacute; iniciou o desmonte dessas duas fontes de recursos. At&eacute; o ano que vem, a TV Cultura n&atilde;o ter&aacute; mais nenhuma publicidade comercial em seus intervalos nem produzir&aacute; mais programa&ccedil;&atilde;o para &oacute;rg&atilde;os p&uacute;blicos (a publicidade institucional, irris&oacute;ria, ser&aacute; mantida). Dessa forma, reduzir&aacute; uma boa parte do seu n&uacute;mero de funcion&aacute;rios.<\/p>\n<p>Se o plano for executado, a TV Cultura sobreviver&aacute; apenas dos R$ 70 milh&otilde;es que o governo do Estado aporta diretamente todos os anos, al&eacute;m de outros R$ 50 milh&otilde;es ela que recebe pela produ&ccedil;&atilde;o de conte&uacute;do para as secretarias estadual e municipal de Educa&ccedil;&atilde;o.<\/p>\n<p><strong>Demiss&otilde;es em massa<\/strong><\/p>\n<p>O plano de demiss&otilde;es de Sayad &eacute; mais complexo. Por causa das elei&ccedil;&otilde;es de outubro, ele n&atilde;o pode demitir funcion&aacute;rios contratados em regime de CLT (Consolida&ccedil;&atilde;o das Leis Trabalhistas) at&eacute; dezembro. A Cultura tem entre 1.000 e 1.200 funcion&aacute;rios celetistas. Esses trabalhadores t&ecirc;m emprego garantido at&eacute; janeiro. Depois, dependem da postura do novo governador do Estado. Para demitir funcion&aacute;rios celetistas, Sayad precisar&aacute; do apoio do futuro governador, porque ter&aacute; de contar com verbas extras para pagar as indeniza&ccedil;&otilde;es.<\/p>\n<p>J&aacute; os profissionais contratados como pessoas jur&iacute;dicas (os PJs, pessoas que t&ecirc;m microempresas) podem ser &quot;demitidos&quot; a qualquer momento. Eles seriam de 600 a 800. Os cortes devem ser feitos &agrave; medida que contratos de presta&ccedil;&atilde;o de servi&ccedil;os, como o da TV Assembleia, forem vencendo e n&atilde;o renovados.<\/p>\n<p><strong>Outro lado<\/strong><\/p>\n<p>O blog tentou ouvir o presidente da Funda&ccedil;&atilde;o Padre Anchieta, Jo&atilde;o Sayad, sobre as mudan&ccedil;as que ele pretende implantar na TV Cultura. Na &uacute;ltima segunda-feira, por meio da assessoria de imprensa da emissora, pediu uma entrevista. Ontem &agrave; tarde, a TV Cultura informou que Sayad n&atilde;o falaria com o R7.<\/p>\n<p>As informa&ccedil;&otilde;es aqui publicadas foram relatadas previamente &agrave; assessoria de imprensa da TV Cultura. Nada foi negado.<\/p>\n","protected":false},"excerpt":{"rendered":"<p>[T&iacute;tulo original: Bomba: TV Cultura vai cortar programas e demitir 1.400] Ex-secret&aacute;rio de Cultura do Estado de S&atilde;o Paulo, Jo&atilde;o Sayad assumiu a presid&ecirc;ncia da TV Cultura em junho com a miss&atilde;o de reduzir a TV p&uacute;blica paulista a uma simples TV estatal. Com o aval do ex-governador Jos&eacute; Serra e do atual governador, Alberto &hellip; <a href=\"https:\/\/obscom.intervozes.org.br\/?p=24779\" class=\"more-link\">Continue lendo <span class=\"screen-reader-text\">TV Cultura vai cortar 80% dos funcion\u00e1rios e diminuir produ\u00e7\u00e3o pr\u00f3pria<\/span> <span class=\"meta-nav\">&rarr;<\/span><\/a><\/p>\n","protected":false},"author":1,"featured_media":0,"comment_status":"open","ping_status":"open","sticky":false,"template":"","format":"standard","meta":{"footnotes":""},"categories":[40],"tags":[504],"_links":{"self":[{"href":"https:\/\/obscom.intervozes.org.br\/index.php?rest_route=\/wp\/v2\/posts\/24779"}],"collection":[{"href":"https:\/\/obscom.intervozes.org.br\/index.php?rest_route=\/wp\/v2\/posts"}],"about":[{"href":"https:\/\/obscom.intervozes.org.br\/index.php?rest_route=\/wp\/v2\/types\/post"}],"author":[{"embeddable":true,"href":"https:\/\/obscom.intervozes.org.br\/index.php?rest_route=\/wp\/v2\/users\/1"}],"replies":[{"embeddable":true,"href":"https:\/\/obscom.intervozes.org.br\/index.php?rest_route=%2Fwp%2Fv2%2Fcomments&post=24779"}],"version-history":[{"count":0,"href":"https:\/\/obscom.intervozes.org.br\/index.php?rest_route=\/wp\/v2\/posts\/24779\/revisions"}],"wp:attachment":[{"href":"https:\/\/obscom.intervozes.org.br\/index.php?rest_route=%2Fwp%2Fv2%2Fmedia&parent=24779"}],"wp:term":[{"taxonomy":"category","embeddable":true,"href":"https:\/\/obscom.intervozes.org.br\/index.php?rest_route=%2Fwp%2Fv2%2Fcategories&post=24779"},{"taxonomy":"post_tag","embeddable":true,"href":"https:\/\/obscom.intervozes.org.br\/index.php?rest_route=%2Fwp%2Fv2%2Ftags&post=24779"}],"curies":[{"name":"wp","href":"https:\/\/api.w.org\/{rel}","templated":true}]}}