{"id":24778,"date":"2010-08-04T15:02:42","date_gmt":"2010-08-04T15:02:42","guid":{"rendered":"https:\/\/obscom.intervozes.org.br\/wordpress\/?p=24778"},"modified":"2010-08-04T15:02:42","modified_gmt":"2010-08-04T15:02:42","slug":"prorrogados-prazos-de-contribuicoes-aos-regulamentos-de-fiscalizacao-e-de-sancoes","status":"publish","type":"post","link":"https:\/\/obscom.intervozes.org.br\/?p=24778","title":{"rendered":"Prorrogados prazos de contribui\u00e7\u00f5es aos regulamentos de Fiscaliza\u00e7\u00e3o e de San\u00e7\u00f5es"},"content":{"rendered":"<p>   \t \t \t \t \t<!-- \t\t@page { margin: 2cm } \t\tP { margin-bottom: 0.21cm } \t--> \t  <\/p>\n<p style=\"margin-bottom: 0cm\" class=\"padrao\">O&nbsp;Conselho Diretor da Anatel, por meio do Circuito Deliberativo n&ordm; 1.804, de 26 de julho de 2010,&nbsp;prorrogou hoje os prazos para contribui&ccedil;&otilde;es &agrave;s propostas de altera&ccedil;&otilde;es dos regulamentos de Fiscaliza&ccedil;&atilde;o e&nbsp;de Aplica&ccedil;&atilde;o de San&ccedil;&otilde;es Administrativas. A Consulta P&uacute;blica n&ordm; 21, que tem o objetivo de propor altera&ccedil;&otilde;es ao Regulamento de Fiscaliza&ccedil;&atilde;o, estar&aacute; a disposi&ccedil;&atilde;o para as manifesta&ccedil;&otilde;es da sociedade at&eacute; 3 de setembro por meio do Sistema de Acompanhamento de Consulta P&uacute;blica (Sacp). J&aacute; a Consulta P&uacute;blica n&ordm; 22, que tem o objetivo de propor altera&ccedil;&otilde;es ao Regulamento de Aplica&ccedil;&atilde;o de San&ccedil;&otilde;es Administrativas, aprovado pela Resolu&ccedil;&atilde;o n&ordm; 344, de 18 de julho de 2003, publicado no Di&aacute;rio Oficial da Uni&atilde;o de 21 de julho de 2003, teve o prazo de contribui&ccedil;&otilde;es prorrogado at&eacute; 10 de setembro, tamb&eacute;m pelo Sacp.&nbsp;<\/p>\n<p>A Ag&ecirc;ncia tamb&eacute;m realizar&aacute; duas audi&ecirc;ncias p&uacute;blicas para ampliar a participa&ccedil;&atilde;o da sociedade&nbsp;nas propostas de altera&ccedil;&otilde;es. A primeira ser&aacute; realizada em Bras&iacute;lia, no dia 20 de agosto, e a segunda em S&atilde;o Paulo, no dia 27 de agosto. Os hor&aacute;rios, locais e procedimentos das audi&ecirc;ncias ainda ser&atilde;o divulgados.<\/p>\n<p>O Regulamento de Fiscaliza&ccedil;&atilde;o tem por objetivo estabelecer os limites, procedimentos e crit&eacute;rios para o exerc&iacute;cio das atividades de fiscaliza&ccedil;&atilde;o da execu&ccedil;&atilde;o, comercializa&ccedil;&atilde;o e presta&ccedil;&atilde;o dos servi&ccedil;os, da implanta&ccedil;&atilde;o e funcionamento das redes de telecomunica&ccedil;&otilde;es, bem como da utiliza&ccedil;&atilde;o dos recursos de &oacute;rbita, de numera&ccedil;&atilde;o e do espectro de radiofreq&uuml;&ecirc;ncias, entre outros.&nbsp;A proposta de altera&ccedil;&atilde;o&nbsp;traz importantes inova&ccedil;&otilde;es, das quais destacam-se:<\/p>\n<p>1. a notifica&ccedil;&atilde;o para regulariza&ccedil;&atilde;o; <br \/>2. a monitora&ccedil;&atilde;o dos sistemas das prestadoras em tempo real e por acesso on-line; <br \/>3. e melhorias no planejamento anual da fiscaliza&ccedil;&atilde;o.<\/p>\n<p>Ser&atilde;o tamb&eacute;m consideradas as manifesta&ccedil;&otilde;es &agrave; proposta de altera&ccedil;&atilde;o do Regulamento de Fiscaliza&ccedil;&atilde;o encaminhadas por carta, fax ou correspond&ecirc;ncia eletr&ocirc;nica, recebidas at&eacute;&nbsp;18h do dia 1&ordm; de setembro de 2010, para:<br \/>AG&Ecirc;NCIA NACIONAL DE TELECOMUNICA&Ccedil;&Otilde;ES<br \/>SUPERINTEND&Ecirc;NCIA DE RADIOFREQ&Uuml;&Ecirc;NCIA E FISCALIZA&Ccedil;&Atilde;O<br \/>CONSULTA P&Uacute;BLICA N&ordm; 21, DE 21 DE JUNHO DE 2010.<br \/>Proposta de Altera&ccedil;&atilde;o do Regulamento de Fiscaliza&ccedil;&atilde;o.<br \/>Setor de Autarquias Sul &#8211; SAUS &#8211; Quadra 6, Bloco F, T&eacute;rreo &#8211; Biblioteca<br \/>70070-940 &#8211; Bras&iacute;lia &#8211; DF<br \/>Fax: (61) 2312-2002<br \/>e-mail: <a href=\"mailto:biblioteca@anatel.gov.br\">biblioteca@anatel.gov.br<\/a><a href=\"mailto:biblioteca@anatel.gov.br\"><\/p>\n<p><\/a>J&aacute; o Regulamento de San&ccedil;&otilde;es Administrativas estabelece os par&acirc;metros e crit&eacute;rios para aplica&ccedil;&atilde;o de san&ccedil;&otilde;es administrativas por infra&ccedil;&otilde;es &agrave; Lei n.&ordm; 9.472, de 16 de julho de 1997, e demais normas aplic&aacute;veis, bem como por inobserv&acirc;ncia dos deveres decorrentes dos contratos de concess&atilde;o, dos atos de designa&ccedil;&atilde;o ou dos atos e termos de permiss&atilde;o, de autoriza&ccedil;&atilde;o de servi&ccedil;o, de autoriza&ccedil;&atilde;o de uso de radiofrequ&ecirc;ncia, de direito de explora&ccedil;&atilde;o de sat&eacute;lite, ou, ainda, dos demais atos administrativos de efeitos concretos expedidos pela Ag&ecirc;ncia.&nbsp; <\/p>\n<p>A proposta sob consulta p&uacute;blica traz importantes inova&ccedil;&otilde;es, das quais destacam-se:<\/p>\n<p>1. a atualiza&ccedil;&atilde;o dos valores m&iacute;nimos e m&aacute;ximos de multa com base no porte das empresas e n&atilde;o mais por tipo de servi&ccedil;o prestado; <br \/>2. a institui&ccedil;&atilde;o de rito sum&aacute;rio para infra&ccedil;&otilde;es de simples apura&ccedil;&atilde;o a serem definidas por Ato do Conselho Diretor; <br \/>3. a cria&ccedil;&atilde;o de incentivos &agrave; regulariza&ccedil;&atilde;o da infra&ccedil;&atilde;o e de desincentivos &agrave; litig&acirc;ncia administrativa e judicial;<br \/>4. o aprimoramento dos crit&eacute;rios de aplica&ccedil;&atilde;o das penalidades, especialmente a san&ccedil;&atilde;o de multa; <br \/>5. a possibilidade de celebra&ccedil;&atilde;o de compromisso de ajustamento de conduta &agrave;s exig&ecirc;ncias legais, bem como de acordos substitutivos em processo sancionat&oacute;rio; <br \/>6. a edi&ccedil;&atilde;o de regulamenta&ccedil;&atilde;o espec&iacute;fica que disciplinar&aacute; sobre as metodologias para c&aacute;lculo das san&ccedil;&otilde;es de multa; <br \/>7. a suspens&atilde;o autom&aacute;tica da exigibilidade da multa aplicada quando da interposi&ccedil;&atilde;o de recursos; dentre outros. <\/p>\n<p>Na elabora&ccedil;&atilde;o da proposta de altera&ccedil;&atilde;o do Regulamento de San&ccedil;&otilde;es Administrativa, levou-se em considera&ccedil;&atilde;o:<br \/>1. a inten&ccedil;&atilde;o de aprimorar os par&acirc;metros e crit&eacute;rios para aplica&ccedil;&atilde;o de san&ccedil;&otilde;es administrativas estabelecidos no regulamento aprovado pela Resolu&ccedil;&atilde;o n&ordm; 344, de 2003; <br \/>2. a necessidade de fortalecimento do papel regulador do Estado, mediante a cria&ccedil;&atilde;o de incentivos &agrave; regulariza&ccedil;&atilde;o de infra&ccedil;&otilde;es e repara&ccedil;&atilde;o de danos aos usu&aacute;rios, bem como de desincentivos &agrave; litig&acirc;ncia administrativa e judicial, em aten&ccedil;&atilde;o aos princ&iacute;pios da efici&ecirc;ncia, celeridade e economia processual; <br \/>3. as contribui&ccedil;&otilde;es oriundas da Consulta P&uacute;blica n&ordm; 847\/2007, realizada no per&iacute;odo de 27 de dezembro de 2007 a 15 de fevereiro de 2008; <br \/>4. a conveni&ecirc;ncia de realiza&ccedil;&atilde;o de nova Consulta P&uacute;blica em virtude das altera&ccedil;&otilde;es substanciais sugeridas no texto da Consulta P&uacute;blica n&ordm; 847\/2007, bem como o fato de que o Regulamento de Fiscaliza&ccedil;&atilde;o encontra-se em processo de altera&ccedil;&atilde;o, submetido aos coment&aacute;rios, sugest&otilde;es e cr&iacute;ticas do p&uacute;blico em geral por meio da Consulta P&uacute;blica n&ordm; 21\/2010; <br \/>5. a documenta&ccedil;&atilde;o constante dos autos do Processo n&ordm; 53500.020772\/2005, que acompanha a presente Consulta P&uacute;blica.<\/p>\n<p>Ser&atilde;o tamb&eacute;m consideradas as manifesta&ccedil;&otilde;es &agrave; proposta de altera&ccedil;&atilde;o do Regulamento de San&ccedil;&otilde;es Administrativas encaminhadas por carta, fax ou correspond&ecirc;ncia eletr&ocirc;nica recebidas at&eacute; &agrave;s 18h do dia 8 de setembro de 2010, para:<\/p>\n<p>AG&Ecirc;NCIA NACIONAL DE TELECOMUNICA&Ccedil;&Otilde;ES &#8211; ANATEL<br \/>SUPERINTENDENTE EXECUTIVA. <br \/>CONSULTA P&Uacute;BLICA N&ordm; 22, DE 24 DE JUNHO DE 2010. <br \/>Proposta de Altera&ccedil;&atilde;o do Regulamento de Aplica&ccedil;&atilde;o de San&ccedil;&otilde;es Administrativas. <br \/>Setor de Autarquias Sul &#8211; SAUS &#8211; Quadra 6, Bloco F, T&eacute;rreo &#8211; Biblioteca<br \/>70070-940 &#8211; Bras&iacute;lia &#8211; DF <br \/>Fax. (061) 2312-2002<br \/>e-mail: biblioteca@anatel.gov.br<\/p>\n","protected":false},"excerpt":{"rendered":"<p>O&nbsp;Conselho Diretor da Anatel, por meio do Circuito Deliberativo n&ordm; 1.804, de 26 de julho de 2010,&nbsp;prorrogou hoje os prazos para contribui&ccedil;&otilde;es &agrave;s propostas de altera&ccedil;&otilde;es dos regulamentos de Fiscaliza&ccedil;&atilde;o e&nbsp;de Aplica&ccedil;&atilde;o de San&ccedil;&otilde;es Administrativas. A Consulta P&uacute;blica n&ordm; 21, que tem o objetivo de propor altera&ccedil;&otilde;es ao Regulamento de Fiscaliza&ccedil;&atilde;o, estar&aacute; a disposi&ccedil;&atilde;o para &hellip; <a href=\"https:\/\/obscom.intervozes.org.br\/?p=24778\" class=\"more-link\">Continue lendo <span class=\"screen-reader-text\">Prorrogados prazos de contribui\u00e7\u00f5es aos regulamentos de Fiscaliza\u00e7\u00e3o e de San\u00e7\u00f5es<\/span> <span class=\"meta-nav\">&rarr;<\/span><\/a><\/p>\n","protected":false},"author":1,"featured_media":0,"comment_status":"open","ping_status":"open","sticky":false,"template":"","format":"standard","meta":{"footnotes":""},"categories":[40],"tags":[152],"_links":{"self":[{"href":"https:\/\/obscom.intervozes.org.br\/index.php?rest_route=\/wp\/v2\/posts\/24778"}],"collection":[{"href":"https:\/\/obscom.intervozes.org.br\/index.php?rest_route=\/wp\/v2\/posts"}],"about":[{"href":"https:\/\/obscom.intervozes.org.br\/index.php?rest_route=\/wp\/v2\/types\/post"}],"author":[{"embeddable":true,"href":"https:\/\/obscom.intervozes.org.br\/index.php?rest_route=\/wp\/v2\/users\/1"}],"replies":[{"embeddable":true,"href":"https:\/\/obscom.intervozes.org.br\/index.php?rest_route=%2Fwp%2Fv2%2Fcomments&post=24778"}],"version-history":[{"count":0,"href":"https:\/\/obscom.intervozes.org.br\/index.php?rest_route=\/wp\/v2\/posts\/24778\/revisions"}],"wp:attachment":[{"href":"https:\/\/obscom.intervozes.org.br\/index.php?rest_route=%2Fwp%2Fv2%2Fmedia&parent=24778"}],"wp:term":[{"taxonomy":"category","embeddable":true,"href":"https:\/\/obscom.intervozes.org.br\/index.php?rest_route=%2Fwp%2Fv2%2Fcategories&post=24778"},{"taxonomy":"post_tag","embeddable":true,"href":"https:\/\/obscom.intervozes.org.br\/index.php?rest_route=%2Fwp%2Fv2%2Ftags&post=24778"}],"curies":[{"name":"wp","href":"https:\/\/api.w.org\/{rel}","templated":true}]}}