{"id":24774,"date":"2010-08-02T17:41:14","date_gmt":"2010-08-02T17:41:14","guid":{"rendered":"https:\/\/obscom.intervozes.org.br\/wordpress\/?p=24774"},"modified":"2010-08-02T17:41:14","modified_gmt":"2010-08-02T17:41:14","slug":"proposta-de-reestruturacao-preve-cinco-novas-superintendencias","status":"publish","type":"post","link":"https:\/\/obscom.intervozes.org.br\/?p=24774","title":{"rendered":"Proposta de reestrutura\u00e7\u00e3o prev\u00ea cinco novas superintend\u00eancias"},"content":{"rendered":"<p>   \t \t \t \t \t<!-- \t\t@page { margin: 2cm } \t\tP { margin-bottom: 0.21cm } \t--> \t  <\/p>\n<p style=\"margin-bottom: 0cm\" class=\"padrao\">A ideia de reestruturar a Anatel, dando mais agilidade &agrave; ag&ecirc;ncia e adequando-a ao novo cen&aacute;rio convergente das telecomunica&ccedil;&otilde;es, voltou &agrave; tona com uma nova proposta apresentada pelo pr&oacute;prio presidente da ag&ecirc;ncia, embaixador Ronaldo Sardenberg, ao Minist&eacute;rio das Comunica&ccedil;&otilde;es. O assunto ainda n&atilde;o est&aacute; plenamente pacificado dentro da autarquia, pois os demais conselheiros ainda n&atilde;o opinaram sobre a proposta, mas o organograma pretendido por Sardenberg j&aacute; d&aacute; uma ideia de como a Anatel pretende ser no futuro.<\/p>\n<p>A nova estrutura, obtida por este notici&aacute;rio, mant&eacute;m o conceito defendido h&aacute; cinco anos de trocar o regime de regula&ccedil;&atilde;o &quot;por servi&ccedil;os&quot; por uma an&aacute;lise &quot;por processos&quot;. Na pr&aacute;tica, o presidente Sardenberg pretende substituir as atuais superintend&ecirc;ncias de servi&ccedil;os p&uacute;blicos (SPB), privados (SPV), comunica&ccedil;&atilde;o de massa (SCM) e universaliza&ccedil;&atilde;o (SUN) por &aacute;reas mais amplas, capazes de fazer uma avalia&ccedil;&atilde;o do setor baseada no grupo econ&ocirc;mico das teles e n&atilde;o mais nos servi&ccedil;os em si.<\/p>\n<p>Caso a proposta de Sardenberg prospere, cinco novas superintend&ecirc;ncias ser&atilde;o criadas no lugar das &aacute;reas t&eacute;cnicas em funcionamento. O acompanhamento dos servi&ccedil;os prestados e distribui&ccedil;&atilde;o de licen&ccedil;as ficar&atilde;o distribu&iacute;dos em tr&ecirc;s setores: Superintend&ecirc;ncia de Gest&atilde;o Econ&ocirc;mica da Presta&ccedil;&atilde;o; Superintend&ecirc;ncia de Outorga de Recursos Escassos; e Superintend&ecirc;ncia de Controle de Obriga&ccedil;&otilde;es.<\/p>\n<p>A &aacute;rea administrativa da ag&ecirc;ncia tamb&eacute;m passar&aacute; por uma reforma. A atual Superintend&ecirc;ncia de Administra&ccedil;&atilde;o-Geral (SAD) ser&aacute; dividida em duas novas &aacute;reas: Superintend&ecirc;ncia de Gest&atilde;o Interna e Superintend&ecirc;ncia Administrativo-Financeira. Outra mudan&ccedil;a importante envolve a Superintend&ecirc;ncia-Executiva, mantida na nova estrutura, mas respons&aacute;vel pelo controle de quatro novas &aacute;reas de assessoramento: &quot;Estrat&eacute;gia Institucional&quot;; &quot;N&uacute;cleo Jur&iacute;dico&quot;; &quot;N&uacute;cleo de Projetos&quot;; e &quot;Regulamenta&ccedil;&atilde;o&quot;.<\/p>\n<p>Vale frisar que o n&uacute;cleo jur&iacute;dico n&atilde;o substitui a procuradoria, que passar&aacute; a ser ligada ao Conselho Diretor (atualmente &eacute; ligada &agrave; Presid&ecirc;ncia).<\/p>\n<p><strong>Usu&aacute;rios<\/strong><\/p>\n<p>Outra &aacute;rea que ganhar&aacute; novo status na Anatel pela proposta de Sardenberg &eacute; a Assessoria de Rela&ccedil;&atilde;o com Usu&aacute;rios (ARU), que passar&aacute; a ser uma superintend&ecirc;ncia. A Superintend&ecirc;ncia de Radiofrequ&ecirc;ncia e Fiscaliza&ccedil;&atilde;o (SRF) perder&aacute; a parte da gest&atilde;o de radiofrequ&ecirc;ncia (transferida para a nova Superintend&ecirc;ncia de Outorga de Recursos Escassos), ficando apenas como Superintend&ecirc;ncia de Fiscaliza&ccedil;&atilde;o, mas ainda controlando as ger&ecirc;ncias regionais.<\/p>\n<p>Apesar de a proposta j&aacute; ter sido encaminhada ao Minicom, a pr&oacute;pria presid&ecirc;ncia da Anatel teria sinalizado um recuo frente aos protestos internos dos demais conselheiros, que n&atilde;o teriam sido consultados sobre a proposta. Segundo fontes da ag&ecirc;ncia, nem todos os conselheiros concordam com o desenho projetado pela SAD a pedido da presid&ecirc;ncia da ag&ecirc;ncia. Por isso, o futuro da reforma &eacute; incerto. Veja abaixo mais detalhes de como ficar&aacute; a Anatel caso a proposta enviada ao Minicom seja adotada.<\/p>\n<p>*&Aacute;reas ligadas ao Conselho Diretor:<br \/>Conselho Consultivo<br \/>Comit&ecirc;s<br \/>Centro de Estudos e Desenvolvimento da Regula&ccedil;&atilde;o em Telecomunica&ccedil;&otilde;es da Anatel (Cedra)<br \/>Auditoria<br \/>Procuradoria<br \/>Secretaria do Conselho Diretor<br \/>Ouvidoria<\/p>\n<p>*&Aacute;reas ligadas ao Gabinete da Presid&ecirc;ncia da Anatel:<br \/>Corregedoria<br \/>Assessoria T&eacute;cnica<br \/>Assessoria Internacional<br \/>Assessoria de Comunica&ccedil;&atilde;o Social<br \/>Assessoria de Rela&ccedil;&otilde;es Institucionais<\/p>\n<p>*Superintend&ecirc;ncia-Executiva (cinco novas &aacute;reas):<br \/>Estrat&eacute;gia Institucional<br \/>N&uacute;cleo Jur&iacute;dico<br \/>N&uacute;cleo de Projetos<br \/>Regulamenta&ccedil;&atilde;o<\/p>\n<p>*Superintend&ecirc;ncia de Gest&atilde;o Econ&ocirc;mica da Presta&ccedil;&atilde;o (cinco ger&ecirc;ncias):<br \/>Acompanhamento da Presta&ccedil;&atilde;o de Servi&ccedil;os<br \/>Custos da Presta&ccedil;&atilde;o e Tarifas e Pre&ccedil;os<br \/>Competi&ccedil;&atilde;o, Acompanhamento Societ&aacute;rio e da Ordem Econ&ocirc;mica<br \/>Acompanhamento de Contratos entre Prestadoras<br \/>Composi&ccedil;&atilde;o de Conflitos<\/p>\n<p>*Superintend&ecirc;ncia de Outorga de Recursos Escassos (seis ger&ecirc;ncias):<br \/>Licita&ccedil;&atilde;o<br \/>Habilita&ccedil;&atilde;o<br \/>Licenciamento de Esta&ccedil;&otilde;es<br \/>Espectro e &Oacute;rbita<br \/>Numera&ccedil;&atilde;o<br \/>Certifica&ccedil;&atilde;o e Homologa&ccedil;&atilde;o de Produtos<\/p>\n<p>*Superintend&ecirc;ncia de Controle de Obriga&ccedil;&otilde;es (tr&ecirc;s ger&ecirc;ncias):<br \/>Obriga&ccedil;&otilde;es de Universaliza&ccedil;&atilde;o, Competi&ccedil;&atilde;o e Qualidade<br \/>Obriga&ccedil;&otilde;es Gerais<br \/>Apura&ccedil;&atilde;o de Descumprimento<\/p>\n<p>*Superintend&ecirc;ncia de Gest&atilde;o Interna (cinco ger&ecirc;ncias):<br \/>Planejamento Operacional e Or&ccedil;amento<br \/>Desempenho Organizacional<br \/>Tecnologia da Informa&ccedil;&atilde;o<br \/>Gest&atilde;o da Informa&ccedil;&atilde;o (Biblioteca)<br \/>Gest&atilde;o de Talentos<\/p>\n<p>*Superintend&ecirc;ncia Administrativo-Financeira (seis ger&ecirc;ncias):<br \/>Infraestrutura<br \/>Administra&ccedil;&atilde;o de Pessoal<br \/>Aquisi&ccedil;&otilde;es<br \/>Contratos<br \/>Finan&ccedil;as e Contabilidade<br \/>Arrecada&ccedil;&atilde;o<\/p>\n<p>*Superintend&ecirc;ncia de Rela&ccedil;&atilde;o com Usu&aacute;rio (tr&ecirc;s ger&ecirc;ncias):<br \/>Atendimento ao Usu&aacute;rio<br \/>Tratamento das Solicita&ccedil;&otilde;es do Usu&aacute;rio<br \/>Gest&atilde;o da Satisfa&ccedil;&atilde;o do Usu&aacute;rio<\/p>\n<p>*Superintend&ecirc;ncia de Fiscaliza&ccedil;&atilde;o (duas ger&ecirc;ncias):<br \/>Fiscaliza&ccedil;&atilde;o<br \/>Ger&ecirc;ncias Regionais<\/p>\n","protected":false},"excerpt":{"rendered":"<p>A ideia de reestruturar a Anatel, dando mais agilidade &agrave; ag&ecirc;ncia e adequando-a ao novo cen&aacute;rio convergente das telecomunica&ccedil;&otilde;es, voltou &agrave; tona com uma nova proposta apresentada pelo pr&oacute;prio presidente da ag&ecirc;ncia, embaixador Ronaldo Sardenberg, ao Minist&eacute;rio das Comunica&ccedil;&otilde;es. O assunto ainda n&atilde;o est&aacute; plenamente pacificado dentro da autarquia, pois os demais conselheiros ainda n&atilde;o &hellip; <a href=\"https:\/\/obscom.intervozes.org.br\/?p=24774\" class=\"more-link\">Continue lendo <span class=\"screen-reader-text\">Proposta de reestrutura\u00e7\u00e3o prev\u00ea cinco novas superintend\u00eancias<\/span> <span class=\"meta-nav\">&rarr;<\/span><\/a><\/p>\n","protected":false},"author":1,"featured_media":0,"comment_status":"open","ping_status":"open","sticky":false,"template":"","format":"standard","meta":{"footnotes":""},"categories":[40],"tags":[152],"_links":{"self":[{"href":"https:\/\/obscom.intervozes.org.br\/index.php?rest_route=\/wp\/v2\/posts\/24774"}],"collection":[{"href":"https:\/\/obscom.intervozes.org.br\/index.php?rest_route=\/wp\/v2\/posts"}],"about":[{"href":"https:\/\/obscom.intervozes.org.br\/index.php?rest_route=\/wp\/v2\/types\/post"}],"author":[{"embeddable":true,"href":"https:\/\/obscom.intervozes.org.br\/index.php?rest_route=\/wp\/v2\/users\/1"}],"replies":[{"embeddable":true,"href":"https:\/\/obscom.intervozes.org.br\/index.php?rest_route=%2Fwp%2Fv2%2Fcomments&post=24774"}],"version-history":[{"count":0,"href":"https:\/\/obscom.intervozes.org.br\/index.php?rest_route=\/wp\/v2\/posts\/24774\/revisions"}],"wp:attachment":[{"href":"https:\/\/obscom.intervozes.org.br\/index.php?rest_route=%2Fwp%2Fv2%2Fmedia&parent=24774"}],"wp:term":[{"taxonomy":"category","embeddable":true,"href":"https:\/\/obscom.intervozes.org.br\/index.php?rest_route=%2Fwp%2Fv2%2Fcategories&post=24774"},{"taxonomy":"post_tag","embeddable":true,"href":"https:\/\/obscom.intervozes.org.br\/index.php?rest_route=%2Fwp%2Fv2%2Ftags&post=24774"}],"curies":[{"name":"wp","href":"https:\/\/api.w.org\/{rel}","templated":true}]}}