{"id":24773,"date":"2010-08-02T17:38:18","date_gmt":"2010-08-02T17:38:18","guid":{"rendered":"https:\/\/obscom.intervozes.org.br\/wordpress\/?p=24773"},"modified":"2010-08-02T17:38:18","modified_gmt":"2010-08-02T17:38:18","slug":"reestruturacao-da-anatel-proposta-por-sardenberg-preve-nucleo-juridico-paralelo","status":"publish","type":"post","link":"https:\/\/obscom.intervozes.org.br\/?p=24773","title":{"rendered":"Reestrutura\u00e7\u00e3o da Anatel proposta por Sardenberg prev\u00ea n\u00facleo jur\u00eddico paralelo"},"content":{"rendered":"<p>   \t \t \t \t \t<!-- \t\t@page { margin: 2cm } \t\tP { margin-bottom: 0.21cm } \t--> \t  <\/p>\n<p style=\"margin-bottom: 0cm\" class=\"padrao\">H&aacute; cinco anos a ideia de reestruturar a Anatel causa pol&ecirc;mica dentro e fora da ag&ecirc;ncia reguladora. Mas a mais recente proposta de remodela&ccedil;&atilde;o da autarquia feita pela presid&ecirc;ncia da ag&ecirc;ncia tem potencial para alastrar a briga por territ&oacute;rios at&eacute; ent&atilde;o pacificados. Um dos itens mais pol&ecirc;micos da proposta entregue pelo presidente da Anatel, embaixador Ronaldo Sardenberg, ao ministro das Comunica&ccedil;&otilde;es, Jos&eacute; Arthur Filardi, abriu um novo flanco de batalha com os advogados p&uacute;blicos federais: a ag&ecirc;ncia quer ter um &quot;n&uacute;cleo jur&iacute;dico&quot; paralelo &agrave; Procuradoria Federal Especializada.<\/p>\n<p>Pelo novo organograma proposto por Sardenberg, essa &aacute;rea jur&iacute;dica ficaria ligada &agrave; Superintend&ecirc;ncia-Executiva, que j&aacute; existe na estrutura atual e seria mantida. Iniciativas como esta n&atilde;o s&atilde;o novidade na administra&ccedil;&atilde;o p&uacute;blica. Mas at&eacute; hoje nenhuma prosperou, existindo reiteradas decis&otilde;es do Supremo Tribunal Federal (STF) contra a constitui&ccedil;&atilde;o de n&uacute;cleos jur&iacute;dicos na administra&ccedil;&atilde;o.<\/p>\n<p>&quot;A Constitui&ccedil;&atilde;o Federal &eacute; bem clara com rela&ccedil;&atilde;o a esse tipo de atividade de consultoria e assessoramento jur&iacute;dico. Esse tipo de atividade s&oacute; pode ser feita pela Advocacia-Geral da Uni&atilde;o (AGU), que possui representa&ccedil;&atilde;o nos &oacute;rg&atilde;os da administra&ccedil;&atilde;o p&uacute;blica, inclusive na Anatel na forma da procuradoria&quot;, explica o presidente em exerc&iacute;cio da Uni&atilde;o dos Advogados P&uacute;blicos Federais (Unafe), J&uacute;lio Borges. &quot;Para a Unafe, essa proposta &eacute; inconstitucional desde o in&iacute;cio&quot;, complementa.<\/p>\n<p>Assim que soube da ideia, a Unafe se mobilizou para tentar impedir a cria&ccedil;&atilde;o de um n&uacute;cleo jur&iacute;dico paralelo na Anatel, por conta de uma outra batalha envolvendo a procuradoria da ag&ecirc;ncia reguladora: o bate-boca entre o superintendente de Administra&ccedil;&atilde;o-Geral, Rodrigo Barbosa, e a procuradora Fernanda Bussacos. A entidade que representa os advogados federais tem sido a principal apoiadora dos procuradores neste epis&oacute;dio, entrando com representa&ccedil;&otilde;es nas mais diversas esferas da administra&ccedil;&atilde;o e no Poder Judici&aacute;rio contra o superintendente, que teria atacado verbalmente a procuradora.<\/p>\n<p><strong>Triste coincid&ecirc;ncia<\/strong><\/p>\n<p>Para Borges, a inclus&atilde;o de um n&uacute;cleo paralelo de assessoramento jur&iacute;dico na Anatel justamente nesse momento, em que as rela&ccedil;&otilde;es entre a Anatel e a AGU est&atilde;o estremecidas, &eacute; &quot;no m&iacute;nimo, uma triste coinci&ecirc;ncia&quot;. &quot;&Eacute; s&eacute;rio porque isso pode parecer algum tipo de resposta &agrave; atua&ccedil;&atilde;o firme da procuradoria na manuten&ccedil;&atilde;o do cumprimento da lei&quot;, avalia. Coincidentemente, a reestrutura&ccedil;&atilde;o da Anatel entregue por Sardenberg ao Minicom foi produzida pela Superintend&ecirc;ncia de Administra&ccedil;&atilde;o-Geral (SAD), comandada por Rodrigo Barbosa.<\/p>\n<p>Como se trata apenas de uma proposta, a Unafe n&atilde;o tem como adotar nenhuma medida jur&iacute;dica contra a cria&ccedil;&atilde;o do novo &quot;n&uacute;cleo&quot;. &quot;O que podemos fazer &eacute; marcar posi&ccedil;&atilde;o pol&iacute;tica contra&quot;, diz Borges. &quot;A Unafe vai lutar para que essa proposta n&atilde;o avance&quot;. A descoberta dos planos da Anatel com rela&ccedil;&atilde;o ao n&uacute;cleo paralelo tamb&eacute;m n&atilde;o interfere diretamente nas representa&ccedil;&otilde;es e a&ccedil;&otilde;es movidas pela entidade contra a Anatel e o superintendente por conta da briga na procuradoria. Mas acentua um inc&ocirc;modo da institui&ccedil;&atilde;o: a falta de um posicionamento claro do Conselho Diretor da Anatel sobre o bate-boca e, principalmente, sobre o reconhecimento da import&acirc;ncia da procuradoria na ag&ecirc;ncia.<\/p>\n<p>&quot;A gente est&aacute; come&ccedil;ando a sentir a necessidade de uma posi&ccedil;&atilde;o mais clara do Conselho Diretor da Anatel, porque esse sil&ecirc;ncio pode significar uma esp&eacute;cie de complac&ecirc;ncia com a postura adotada contra a procuradoria&quot;, reclama Borges. At&eacute; o momento, a Anatel apenas informou que ir&aacute; pedir reconsidera&ccedil;&atilde;o do posicionamento da AGU contra o sistema pr&oacute;prio de compras adotado pela ag&ecirc;ncia, alvo da briga entre o superintendente e a procuradora. Com rela&ccedil;&atilde;o &agrave; reestrutura&ccedil;&atilde;o, a proposta encaminhada por Sardenberg ao Minicom n&atilde;o teria sido debatida com os demais conselheiros. Segundo fontes da ag&ecirc;ncia, nem todos concordam com a ideia de estabelecer um n&uacute;cleo paralelo de an&aacute;lise jur&iacute;dica.<\/p>\n","protected":false},"excerpt":{"rendered":"<p>H&aacute; cinco anos a ideia de reestruturar a Anatel causa pol&ecirc;mica dentro e fora da ag&ecirc;ncia reguladora. Mas a mais recente proposta de remodela&ccedil;&atilde;o da autarquia feita pela presid&ecirc;ncia da ag&ecirc;ncia tem potencial para alastrar a briga por territ&oacute;rios at&eacute; ent&atilde;o pacificados. Um dos itens mais pol&ecirc;micos da proposta entregue pelo presidente da Anatel, embaixador &hellip; <a href=\"https:\/\/obscom.intervozes.org.br\/?p=24773\" class=\"more-link\">Continue lendo <span class=\"screen-reader-text\">Reestrutura\u00e7\u00e3o da Anatel proposta por Sardenberg prev\u00ea n\u00facleo jur\u00eddico paralelo<\/span> <span class=\"meta-nav\">&rarr;<\/span><\/a><\/p>\n","protected":false},"author":1,"featured_media":0,"comment_status":"open","ping_status":"open","sticky":false,"template":"","format":"standard","meta":{"footnotes":""},"categories":[40],"tags":[876],"_links":{"self":[{"href":"https:\/\/obscom.intervozes.org.br\/index.php?rest_route=\/wp\/v2\/posts\/24773"}],"collection":[{"href":"https:\/\/obscom.intervozes.org.br\/index.php?rest_route=\/wp\/v2\/posts"}],"about":[{"href":"https:\/\/obscom.intervozes.org.br\/index.php?rest_route=\/wp\/v2\/types\/post"}],"author":[{"embeddable":true,"href":"https:\/\/obscom.intervozes.org.br\/index.php?rest_route=\/wp\/v2\/users\/1"}],"replies":[{"embeddable":true,"href":"https:\/\/obscom.intervozes.org.br\/index.php?rest_route=%2Fwp%2Fv2%2Fcomments&post=24773"}],"version-history":[{"count":0,"href":"https:\/\/obscom.intervozes.org.br\/index.php?rest_route=\/wp\/v2\/posts\/24773\/revisions"}],"wp:attachment":[{"href":"https:\/\/obscom.intervozes.org.br\/index.php?rest_route=%2Fwp%2Fv2%2Fmedia&parent=24773"}],"wp:term":[{"taxonomy":"category","embeddable":true,"href":"https:\/\/obscom.intervozes.org.br\/index.php?rest_route=%2Fwp%2Fv2%2Fcategories&post=24773"},{"taxonomy":"post_tag","embeddable":true,"href":"https:\/\/obscom.intervozes.org.br\/index.php?rest_route=%2Fwp%2Fv2%2Ftags&post=24773"}],"curies":[{"name":"wp","href":"https:\/\/api.w.org\/{rel}","templated":true}]}}