{"id":24772,"date":"2010-08-02T17:37:01","date_gmt":"2010-08-02T17:37:01","guid":{"rendered":"https:\/\/obscom.intervozes.org.br\/wordpress\/?p=24772"},"modified":"2010-08-02T17:37:01","modified_gmt":"2010-08-02T17:37:01","slug":"telefonica-entra-com-pedido-de-anuencia-previa-para-assumir-totalmente-a-vivo","status":"publish","type":"post","link":"https:\/\/obscom.intervozes.org.br\/?p=24772","title":{"rendered":"Telef\u00f4nica entra com pedido de anu\u00eancia pr\u00e9via para assumir totalmente a Vivo"},"content":{"rendered":"<p>   \t \t \t \t \t<!-- \t\t@page { margin: 2cm } \t\tP { margin-bottom: 0.21cm } \t--> \t  <\/p>\n<p style=\"margin-bottom: 0cm\" class=\"padrao\">O acordo entre Telef&ocirc;nica e Portugal Telecom envolvendo o controle da maior operadora m&oacute;vel do Brasil, a Vivo, foi apresentado nesta sexta-feira, 30, &agrave; Anatel para an&aacute;lise pr&eacute;via. De acordo com a legisla&ccedil;&atilde;o do setor, qualquer altera&ccedil;&atilde;o societ&aacute;ria com impacto em empresas de telecomunica&ccedil;&otilde;es no Brasil precisa receber uma anu&ecirc;ncia pr&eacute;via da ag&ecirc;ncia reguladora brasileira. Assim, o neg&oacute;cio entre espanh&oacute;is e portugueses s&oacute; poder&aacute; ser conclu&iacute;do ap&oacute;s o aval da Anatel.<\/p>\n<p>A assessoria da ag&ecirc;ncia confirmou a chegada da documenta&ccedil;&atilde;o, mas n&atilde;o forneceu maiores informa&ccedil;&otilde;es sobre o conte&uacute;do do pedido. O material dever&aacute; passar por uma an&aacute;lise t&eacute;cnica nas superintend&ecirc;ncias e n&atilde;o h&aacute; prazo para a conclus&atilde;o da avalia&ccedil;&atilde;o, ainda que a expectaticva da Telef&ocirc;nica seja de 60 dias. S&oacute; ap&oacute;s a produ&ccedil;&atilde;o de um relat&oacute;rio t&eacute;cnico sobre o tema &eacute; que o Conselho Diretor da ag&ecirc;ncia poder&aacute; julgar o neg&oacute;cio fixado entre as empresas.<\/p>\n<p>O caso pode gerar algum tipo de restri&ccedil;&atilde;o regulat&oacute;ria por conta da presen&ccedil;a da Telef&ocirc;nica no bloco de controle da TIM. Atualmente, a empresa espanhola j&aacute; segue uma s&eacute;rie de regras estipuladas pela ag&ecirc;ncia para assegurar a separa&ccedil;&atilde;o dos neg&oacute;cios entre Vivo e TIM (uma vez que a Telef&ocirc;nica sempre dividiu o controle da Vivo com a Portugal Telecom). Por isso, &eacute; poss&iacute;vel que a ag&ecirc;ncia reforce a necessidade de cumprimento dessas restri&ccedil;&otilde;es anteriores agora que os espanh&oacute;is assumir&atilde;o o controle pleno da Vivo.<\/p>\n<p>Vale lembrar que esta etapa da an&aacute;lise n&atilde;o se confunde com a avalia&ccedil;&atilde;o concorrencial que o neg&oacute;cio ter&aacute; que passar no Brasil. Esta primeira avalia&ccedil;&atilde;o &eacute; apenas regulat&oacute;ria, ou seja, se o neg&oacute;cio segue a legisla&ccedil;&atilde;o e regula&ccedil;&atilde;o do setor. A an&aacute;lise antitruste acontecer&aacute; apenas ap&oacute;s o fechamento do neg&oacute;cio, quando a Anatel produzir&aacute; um novo parecer, voltado para os impactos da opera&ccedil;&atilde;o para o mercado de telecomunica&ccedil;&otilde;es.<\/p>\n<p>Vale lembrar que a Telef&ocirc;nica tamb&eacute;m aguarda que a Anatel conclua a an&aacute;lise concorrencial da compra da TVA, realizada em 2006 e aprovada no come&ccedil;o de 2007.<\/p>\n","protected":false},"excerpt":{"rendered":"<p>O acordo entre Telef&ocirc;nica e Portugal Telecom envolvendo o controle da maior operadora m&oacute;vel do Brasil, a Vivo, foi apresentado nesta sexta-feira, 30, &agrave; Anatel para an&aacute;lise pr&eacute;via. De acordo com a legisla&ccedil;&atilde;o do setor, qualquer altera&ccedil;&atilde;o societ&aacute;ria com impacto em empresas de telecomunica&ccedil;&otilde;es no Brasil precisa receber uma anu&ecirc;ncia pr&eacute;via da ag&ecirc;ncia reguladora brasileira. &hellip; <a href=\"https:\/\/obscom.intervozes.org.br\/?p=24772\" class=\"more-link\">Continue lendo <span class=\"screen-reader-text\">Telef\u00f4nica entra com pedido de anu\u00eancia pr\u00e9via para assumir totalmente a Vivo<\/span> <span class=\"meta-nav\">&rarr;<\/span><\/a><\/p>\n","protected":false},"author":1,"featured_media":0,"comment_status":"open","ping_status":"open","sticky":false,"template":"","format":"standard","meta":{"footnotes":""},"categories":[40],"tags":[608],"_links":{"self":[{"href":"https:\/\/obscom.intervozes.org.br\/index.php?rest_route=\/wp\/v2\/posts\/24772"}],"collection":[{"href":"https:\/\/obscom.intervozes.org.br\/index.php?rest_route=\/wp\/v2\/posts"}],"about":[{"href":"https:\/\/obscom.intervozes.org.br\/index.php?rest_route=\/wp\/v2\/types\/post"}],"author":[{"embeddable":true,"href":"https:\/\/obscom.intervozes.org.br\/index.php?rest_route=\/wp\/v2\/users\/1"}],"replies":[{"embeddable":true,"href":"https:\/\/obscom.intervozes.org.br\/index.php?rest_route=%2Fwp%2Fv2%2Fcomments&post=24772"}],"version-history":[{"count":0,"href":"https:\/\/obscom.intervozes.org.br\/index.php?rest_route=\/wp\/v2\/posts\/24772\/revisions"}],"wp:attachment":[{"href":"https:\/\/obscom.intervozes.org.br\/index.php?rest_route=%2Fwp%2Fv2%2Fmedia&parent=24772"}],"wp:term":[{"taxonomy":"category","embeddable":true,"href":"https:\/\/obscom.intervozes.org.br\/index.php?rest_route=%2Fwp%2Fv2%2Fcategories&post=24772"},{"taxonomy":"post_tag","embeddable":true,"href":"https:\/\/obscom.intervozes.org.br\/index.php?rest_route=%2Fwp%2Fv2%2Ftags&post=24772"}],"curies":[{"name":"wp","href":"https:\/\/api.w.org\/{rel}","templated":true}]}}