{"id":24750,"date":"2010-07-28T17:52:16","date_gmt":"2010-07-28T17:52:16","guid":{"rendered":"https:\/\/obscom.intervozes.org.br\/wordpress\/?p=24750"},"modified":"2010-07-28T17:52:16","modified_gmt":"2010-07-28T17:52:16","slug":"telcomp-aponta-risco-de-concentracao-com-aquisicoes","status":"publish","type":"post","link":"https:\/\/obscom.intervozes.org.br\/?p=24750","title":{"rendered":"Telcomp aponta risco de concentra\u00e7\u00e3o com aquisi\u00e7\u00f5es"},"content":{"rendered":"<p>   \t \t \t \t \t<!-- \t\t@page { margin: 2cm } \t\tP { margin-bottom: 0.21cm } \t--> \t  <\/p>\n<p style=\"margin-bottom: 0cm\" class=\"padrao\">O presidente executivo da Telcomp (Associa&ccedil;&atilde;o Brasileira das Prestadoras de Servi&ccedil;os de Telecomunica&ccedil;&otilde;es Competitivas), Jo&atilde;o Moura, considera, em teoria, a compra do controle da Vivo pela Telef&oacute;nica e a parceria entre Oi e Portugal Telecom como positivas, mas se preocupa com a concentra&ccedil;&atilde;o do mercado e a possibilidade de afastar a vinda de novos investidores ao pa&iacute;s. Ele defende uma atua&ccedil;&atilde;o mais forte da Anatel para evitar restri&ccedil;&otilde;es &agrave; competi&ccedil;&atilde;o.<\/p>\n<p>&ldquo;A compra da Vivo dar&aacute; a oportunidade para a Telef&ocirc;nica, que est&aacute; restrita ao estado de S&atilde;o Paulo, a expandir suas opera&ccedil;&otilde;es de telefonia fixa e acesso &agrave; internet para todo o pa&iacute;s, por meio de licen&ccedil;a de SCM (Servi&ccedil;o de Comunica&ccedil;&atilde;o Multim&iacute;dia), disse. Por&eacute;m,&nbsp; teme que o esfor&ccedil;o financeiro para aquisi&ccedil;&atilde;o do controle da operadora m&oacute;vel acabe adiando essa expans&atilde;o.<\/p>\n<p>No caso da parceria entre a Oi e a PT, Moura tamb&eacute;m aponta aspectos positivos, como a melhora do n&iacute;vel de investimentos, que at&eacute; ent&atilde;o estava aqu&eacute;m das exig&ecirc;ncias do mercado, e da pr&oacute;pria governan&ccedil;a corporativa da operadora, que ainda adota, em sua opini&atilde;o, pr&aacute;ticas anticompetitivas.<\/p>\n<p>O presidente da Telcomp afirma que a preocupa&ccedil;&atilde;o &eacute; com o fato das duas opera&ccedil;&otilde;es anunciadas nesta quarta-feira (28) apontam para a forma&ccedil;&atilde;o de duas empresas muito grande, aumentando o n&iacute;vel de concentra&ccedil;&atilde;o do mercado. Ele lembra que fus&atilde;o da Oi com a Brasil Telecom, que mudou a configura&ccedil;&atilde;o do mercado e permitiu a opera&ccedil;&atilde;o da nova prestadora em 95% do territ&oacute;rio brasileiro, sequer foi julgada no Cade (Conselho Administrativo de Defesa Econ&ocirc;mica).<\/p>\n","protected":false},"excerpt":{"rendered":"<p>O presidente executivo da Telcomp (Associa&ccedil;&atilde;o Brasileira das Prestadoras de Servi&ccedil;os de Telecomunica&ccedil;&otilde;es Competitivas), Jo&atilde;o Moura, considera, em teoria, a compra do controle da Vivo pela Telef&oacute;nica e a parceria entre Oi e Portugal Telecom como positivas, mas se preocupa com a concentra&ccedil;&atilde;o do mercado e a possibilidade de afastar a vinda de novos investidores &hellip; <a href=\"https:\/\/obscom.intervozes.org.br\/?p=24750\" class=\"more-link\">Continue lendo <span class=\"screen-reader-text\">Telcomp aponta risco de concentra\u00e7\u00e3o com aquisi\u00e7\u00f5es<\/span> <span class=\"meta-nav\">&rarr;<\/span><\/a><\/p>\n","protected":false},"author":1,"featured_media":0,"comment_status":"open","ping_status":"open","sticky":false,"template":"","format":"standard","meta":{"footnotes":""},"categories":[40],"tags":[608],"_links":{"self":[{"href":"https:\/\/obscom.intervozes.org.br\/index.php?rest_route=\/wp\/v2\/posts\/24750"}],"collection":[{"href":"https:\/\/obscom.intervozes.org.br\/index.php?rest_route=\/wp\/v2\/posts"}],"about":[{"href":"https:\/\/obscom.intervozes.org.br\/index.php?rest_route=\/wp\/v2\/types\/post"}],"author":[{"embeddable":true,"href":"https:\/\/obscom.intervozes.org.br\/index.php?rest_route=\/wp\/v2\/users\/1"}],"replies":[{"embeddable":true,"href":"https:\/\/obscom.intervozes.org.br\/index.php?rest_route=%2Fwp%2Fv2%2Fcomments&post=24750"}],"version-history":[{"count":0,"href":"https:\/\/obscom.intervozes.org.br\/index.php?rest_route=\/wp\/v2\/posts\/24750\/revisions"}],"wp:attachment":[{"href":"https:\/\/obscom.intervozes.org.br\/index.php?rest_route=%2Fwp%2Fv2%2Fmedia&parent=24750"}],"wp:term":[{"taxonomy":"category","embeddable":true,"href":"https:\/\/obscom.intervozes.org.br\/index.php?rest_route=%2Fwp%2Fv2%2Fcategories&post=24750"},{"taxonomy":"post_tag","embeddable":true,"href":"https:\/\/obscom.intervozes.org.br\/index.php?rest_route=%2Fwp%2Fv2%2Ftags&post=24750"}],"curies":[{"name":"wp","href":"https:\/\/api.w.org\/{rel}","templated":true}]}}