{"id":24747,"date":"2010-07-28T17:47:58","date_gmt":"2010-07-28T17:47:58","guid":{"rendered":"https:\/\/obscom.intervozes.org.br\/wordpress\/?p=24747"},"modified":"2010-07-28T17:47:58","modified_gmt":"2010-07-28T17:47:58","slug":"anatel-e-cade-esperam-documentacoes-para-analisar-negocios","status":"publish","type":"post","link":"https:\/\/obscom.intervozes.org.br\/?p=24747","title":{"rendered":"Anatel e Cade esperam documenta\u00e7\u00f5es para analisar neg\u00f3cios"},"content":{"rendered":"<p>   \t \t \t \t \t<!-- \t\t@page { margin: 2cm } \t\tP { margin-bottom: 0.21cm } \t--> \t  <\/p>\n<p style=\"margin-bottom: 0cm\" class=\"padrao\">A Anatel n&atilde;o vai se pronunciar agora sobre a compra do controle da Vivo pela Telef&oacute;nica nem sobre o acordo firmado entre a Oi e a Portugal Telecom. Segundo o conselheiro Antonio Bedran, apesar de ter sido comunicada das opera&ccedil;&otilde;es, a ag&ecirc;ncia ainda n&atilde;o recebeu a documenta&ccedil;&atilde;o que lhe propicie uma an&aacute;lise dos neg&oacute;cios. <\/p>\n<p>Sobre a compra da Vivo pela Telef&oacute;nica, Bedran reconheceu que precisar&aacute; de uma an&aacute;lise mais acurada, j&aacute; que a operadora espanhola tem participa&ccedil;&atilde;o na Telecom It&aacute;lia, que controla a TIM. Essa opera&ccedil;&atilde;o j&aacute; passou pela an&aacute;lise da ag&ecirc;ncia e do Cade (Conselho Administrativo de Defesa da Concorr&ecirc;ncia), que impuseram condicionantes &agrave;s operadoras. <\/p>\n<p>O Cade tamb&eacute;m n&atilde;o vai se pronunciar pelas opera&ccedil;&otilde;es das empresas de telecom anunciadas nesta quarta-feira (28), mas lembrou que a Telef&ocirc;nica tem um prazo de 15 dias para notificar o tipo de opera&ccedil;&atilde;o &agrave; autarquia. &quot;A opera&ccedil;&atilde;o depende da aprova&ccedil;&atilde;o pr&eacute;via da Anatel antes de chegar ao Cade&quot;, disse o presidente Arthur Badin.<\/p>\n<p>Em abril deste ano, o Cade aprovou a compra de a&ccedil;&otilde;es minorit&aacute;rias da Telecom It&aacute;lia (controladora da TIM) pela Telef&oacute;nica, feita em 2007. O conselho, por&eacute;m, obrigou as duas empresas a assinarem um termo de compromisso em que se comprometem a manter a administra&ccedil;&atilde;o das operadoras do grupo separadas. <\/p>\n<p>Na compra anunciada hoje, o Cade ter&aacute; que avaliar em que medida o aumento da participa&ccedil;&atilde;o acion&aacute;ria da Telef&oacute;nica na Vivo provocar&aacute; mudan&ccedil;as na forma de atua&ccedil;&atilde;o da operadora m&oacute;vel no mercado nacional. E ainda analisar os impactos que o neg&oacute;cio causar&aacute; na TIM Brasil, uma vez que a Telef&oacute;nica det&eacute;m 46,18% da Telco, maior acionista da Telecom It&aacute;lia e controladora da TIM Brasil. <\/p>\n<p>J&aacute; o ato de concentra&ccedil;&atilde;o da fus&atilde;o da Brasil Telecom com a Oi, concretizado em 2008, j&aacute; aprovado na Anatel, aguarda julgamento no Cade. A avalia&ccedil;&atilde;o de advogados que atuam na &aacute;rea concorrencial &eacute; de que a entrada da PT na Oi e a participa&ccedil;&atilde;o da operadora brasileira na portuguesa n&atilde;o enfrentaram obst&aacute;culos no conselho.<\/p>\n","protected":false},"excerpt":{"rendered":"<p>A Anatel n&atilde;o vai se pronunciar agora sobre a compra do controle da Vivo pela Telef&oacute;nica nem sobre o acordo firmado entre a Oi e a Portugal Telecom. Segundo o conselheiro Antonio Bedran, apesar de ter sido comunicada das opera&ccedil;&otilde;es, a ag&ecirc;ncia ainda n&atilde;o recebeu a documenta&ccedil;&atilde;o que lhe propicie uma an&aacute;lise dos neg&oacute;cios. Sobre &hellip; <a href=\"https:\/\/obscom.intervozes.org.br\/?p=24747\" class=\"more-link\">Continue lendo <span class=\"screen-reader-text\">Anatel e Cade esperam documenta\u00e7\u00f5es para analisar neg\u00f3cios<\/span> <span class=\"meta-nav\">&rarr;<\/span><\/a><\/p>\n","protected":false},"author":1,"featured_media":0,"comment_status":"open","ping_status":"open","sticky":false,"template":"","format":"standard","meta":{"footnotes":""},"categories":[40],"tags":[608],"_links":{"self":[{"href":"https:\/\/obscom.intervozes.org.br\/index.php?rest_route=\/wp\/v2\/posts\/24747"}],"collection":[{"href":"https:\/\/obscom.intervozes.org.br\/index.php?rest_route=\/wp\/v2\/posts"}],"about":[{"href":"https:\/\/obscom.intervozes.org.br\/index.php?rest_route=\/wp\/v2\/types\/post"}],"author":[{"embeddable":true,"href":"https:\/\/obscom.intervozes.org.br\/index.php?rest_route=\/wp\/v2\/users\/1"}],"replies":[{"embeddable":true,"href":"https:\/\/obscom.intervozes.org.br\/index.php?rest_route=%2Fwp%2Fv2%2Fcomments&post=24747"}],"version-history":[{"count":0,"href":"https:\/\/obscom.intervozes.org.br\/index.php?rest_route=\/wp\/v2\/posts\/24747\/revisions"}],"wp:attachment":[{"href":"https:\/\/obscom.intervozes.org.br\/index.php?rest_route=%2Fwp%2Fv2%2Fmedia&parent=24747"}],"wp:term":[{"taxonomy":"category","embeddable":true,"href":"https:\/\/obscom.intervozes.org.br\/index.php?rest_route=%2Fwp%2Fv2%2Fcategories&post=24747"},{"taxonomy":"post_tag","embeddable":true,"href":"https:\/\/obscom.intervozes.org.br\/index.php?rest_route=%2Fwp%2Fv2%2Ftags&post=24747"}],"curies":[{"name":"wp","href":"https:\/\/api.w.org\/{rel}","templated":true}]}}