{"id":24739,"date":"2010-07-28T17:35:57","date_gmt":"2010-07-28T17:35:57","guid":{"rendered":"https:\/\/obscom.intervozes.org.br\/wordpress\/?p=24739"},"modified":"2010-07-28T17:35:57","modified_gmt":"2010-07-28T17:35:57","slug":"portugal-telecom-comprara-35-das-acoes-dos-controladores-da-oi","status":"publish","type":"post","link":"https:\/\/obscom.intervozes.org.br\/?p=24739","title":{"rendered":"Portugal Telecom comprar\u00e1 35% das a\u00e7\u00f5es dos controladores da Oi"},"content":{"rendered":"<p>   \t \t \t \t \t<!-- \t\t@page { margin: 2cm } \t\tP { margin-bottom: 0.21cm } \t--> \t  <\/p>\n<p style=\"margin-bottom: 0cm\" class=\"western\"><span class=\"padrao\"><a name=\"lblTitulo4\" title=\"lblTitulo4\"><\/a>Informa&ccedil;&otilde;es divulgadas pela Portugal Telecom &agrave; autoridade de valores mobili&aacute;rios de Portugal mostram que a tele vai adquirir 35% de participa&ccedil;&atilde;o nas empresas AG Telecom S\/A e LF Tel S\/A, hoje controladas respectivamente pela Andrade Gutierrez e Grupo Jereissati. O acordo tamb&eacute;m prev&ecirc; a obten&ccedil;&atilde;o de &quot;direitos importantes&quot; sobre estas companhias. Nesta opera&ccedil;&atilde;o e na aquisi&ccedil;&atilde;o de 10% do capital da Telemar Participa&ccedil;&otilde;es (TmarPart), a Portugal Telecom prev&ecirc; gastar R$ 4,7 bilh&otilde;es. Na aquisi&ccedil;&atilde;o da Tele Norte Leste Participa&ccedil;&otilde;es, que ser&aacute; feita por meio de aumento de capital da empresa, a Portugal Telecom informa que gastar&aacute; R$ 2 bilh&otilde;es (o aumento de capital da TNL &eacute; de R$ 12 bilh&otilde;es). Ainda segundo as informa&ccedil;&otilde;es divulgadas &agrave; autoridade portuguesa, a Portugal Telecom gastar&aacute; mais R$ 1,7 bilh&atilde;o na aquisi&ccedil;&atilde;o de a&ccedil;&otilde;es que sobrarem do aumento de capital da Telemar Norte Leste (TMAR). Esse aumento de capital tamb&eacute;m ser&aacute; de R$ 12 bilh&otilde;es. Ao todo, os portugueses estimam gastar R$ 8,4 bilh&otilde;es para assumir o controle da Oi. Confira a &iacute;ntegra da apresenta&ccedil;&atilde;o da Portugal Telecom detalhando a opera&ccedil;&atilde;o na homepage do site TELETIME. <\/p>\n<p><strong>Direitos e deveres<\/strong> <\/p>\n<p>Entre os direitos previstos, diz a Portugal Telecom, est&atilde;o poder de veto e poder de delibera&ccedil;&atilde;o sobre quest&otilde;es importantes na LF Tel e na AG Telecom. A tele portuguesa informa ainda que ter&aacute; participa&ccedil;&atilde;o no processo de indica&ccedil;&atilde;o do CEO da Oi, observadas as condi&ccedil;&otilde;es do atual acordo de acionistas da Telemar Participa&ccedil;&otilde;es. <\/p>\n<p>Segundo a Portugal Telecom, a Tele Norte Leste (TNL) e a Telemar Participa&ccedil;&otilde;es (TmarPart) ter&atilde;o comit&ecirc;s estrat&eacute;gicos, financeiros, tecnol&oacute;gicos e de inova&ccedil;&atilde;o que permitir&atilde;o &agrave; Portugal Telecom e &agrave; Telemar Norte Leste (TMAR) &quot;se beneficiarem de melhores pr&aacute;ticas, sinergias e decidirem em quest&otilde;es estrat&eacute;gico-operacionais&quot;. Segundo o comunicado ao mercado portugu&ecirc;s, ser&aacute; criado um comit&ecirc; de engenharia e redes, tecnologia e inova&ccedil;&atilde;o e oferta de servi&ccedil;os que ser&aacute; presidido por representante da Portugal Telecom. Ou seja, tudo indica que estes comit&ecirc;s ter&atilde;o grande poder dentro da estrat&eacute;gia da companhia, e os portugueses ter&atilde;o a&ccedil;&atilde;o ativa dentro deles. <\/p>\n<p>Segundo o fato relevante portugu&ecirc;s, LF Tel, Portugal Telecom e AG Telecom n&atilde;o poder&atilde;o vender, pelo prazo de cinco anos, suas a&ccedil;&otilde;es na Telemar Participa&ccedil;&otilde;es. <\/p>\n<p>Pelo cronograma publicado pela Portugal Telecom, o processo de due diligence e notifica&ccedil;&atilde;o &agrave;s autoridades vai at&eacute; 31 de outubro, quando ser&atilde;o tamb&eacute;m finalizados os acordos. A expectativa &eacute; que a Anatel aprove o acordo em 60 dias ap&oacute;s o dia 31 de outubro e que a notifica&ccedil;&atilde;o para aumento de capital das empresas controladoras da Oi saia em 75 dias ap&oacute;s o dia 31 de outubro. A finaliza&ccedil;&atilde;o de todas as etapas &eacute; esperada para 155 dias ap&oacute;s 31 de outubro, ou seja, no come&ccedil;o de mar&ccedil;o de 2011. A Portugal Telecom n&atilde;o detalha como ser&aacute; a entrada da Oi em seu capital.<\/span> <\/p>\n","protected":false},"excerpt":{"rendered":"<p>Informa&ccedil;&otilde;es divulgadas pela Portugal Telecom &agrave; autoridade de valores mobili&aacute;rios de Portugal mostram que a tele vai adquirir 35% de participa&ccedil;&atilde;o nas empresas AG Telecom S\/A e LF Tel S\/A, hoje controladas respectivamente pela Andrade Gutierrez e Grupo Jereissati. O acordo tamb&eacute;m prev&ecirc; a obten&ccedil;&atilde;o de &quot;direitos importantes&quot; sobre estas companhias. Nesta opera&ccedil;&atilde;o e na &hellip; <a href=\"https:\/\/obscom.intervozes.org.br\/?p=24739\" class=\"more-link\">Continue lendo <span class=\"screen-reader-text\">Portugal Telecom comprar\u00e1 35% das a\u00e7\u00f5es dos controladores da Oi<\/span> <span class=\"meta-nav\">&rarr;<\/span><\/a><\/p>\n","protected":false},"author":1,"featured_media":0,"comment_status":"open","ping_status":"open","sticky":false,"template":"","format":"standard","meta":{"footnotes":""},"categories":[40],"tags":[608],"_links":{"self":[{"href":"https:\/\/obscom.intervozes.org.br\/index.php?rest_route=\/wp\/v2\/posts\/24739"}],"collection":[{"href":"https:\/\/obscom.intervozes.org.br\/index.php?rest_route=\/wp\/v2\/posts"}],"about":[{"href":"https:\/\/obscom.intervozes.org.br\/index.php?rest_route=\/wp\/v2\/types\/post"}],"author":[{"embeddable":true,"href":"https:\/\/obscom.intervozes.org.br\/index.php?rest_route=\/wp\/v2\/users\/1"}],"replies":[{"embeddable":true,"href":"https:\/\/obscom.intervozes.org.br\/index.php?rest_route=%2Fwp%2Fv2%2Fcomments&post=24739"}],"version-history":[{"count":0,"href":"https:\/\/obscom.intervozes.org.br\/index.php?rest_route=\/wp\/v2\/posts\/24739\/revisions"}],"wp:attachment":[{"href":"https:\/\/obscom.intervozes.org.br\/index.php?rest_route=%2Fwp%2Fv2%2Fmedia&parent=24739"}],"wp:term":[{"taxonomy":"category","embeddable":true,"href":"https:\/\/obscom.intervozes.org.br\/index.php?rest_route=%2Fwp%2Fv2%2Fcategories&post=24739"},{"taxonomy":"post_tag","embeddable":true,"href":"https:\/\/obscom.intervozes.org.br\/index.php?rest_route=%2Fwp%2Fv2%2Ftags&post=24739"}],"curies":[{"name":"wp","href":"https:\/\/api.w.org\/{rel}","templated":true}]}}