{"id":24737,"date":"2010-07-28T16:50:53","date_gmt":"2010-07-28T16:50:53","guid":{"rendered":"https:\/\/obscom.intervozes.org.br\/wordpress\/?p=24737"},"modified":"2010-07-28T16:50:53","modified_gmt":"2010-07-28T16:50:53","slug":"telefonica-confirma-aquisicao-da-vivo-entrada-dos-portugueses-na-oi-foi-acertada","status":"publish","type":"post","link":"https:\/\/obscom.intervozes.org.br\/?p=24737","title":{"rendered":"Telef\u00f4nica confirma aquisi\u00e7\u00e3o da Vivo; entrada dos portugueses na Oi foi acertada"},"content":{"rendered":"<p>   \t \t \t \t \t<!-- \t\t@page { margin: 2cm } \t\tP { margin-bottom: 0.21cm } \t--> \t  <\/p>\n<p style=\"margin-bottom: 0cm\" class=\"padrao\"><strong>Reproduzido do TeleTime News<\/strong><\/p>\n<p>A Telef&ocirc;nica confirmou, em fato relevante publicado na Espanha, um acordo de princ&iacute;pios para adquirir a participa&ccedil;&atilde;o da Portugal Telecom na Vivo. O acordo ser&aacute; submetido ao conselho de administra&ccedil;&atilde;o ao longo desta quarta, 28. O valor foi de 7,5 bilh&otilde;es de euros. Paralelamente ao fato relevante, o peri&oacute;dico portugu&ecirc;s Jornal de Neg&oacute;cios informava que tamb&eacute;m foram conclu&iacute;das e ser&atilde;o formalizadas nos pr&oacute;ximos dias as negocia&ccedil;&otilde;es para que a Portugal Telecom adquira, pelo valor de 3,75 bilh&otilde;es de euros (R$ 8,6 bilh&otilde;es), uma participa&ccedil;&atilde;o minorit&aacute;ria de 23% na Oi, possivelmente por meio de um aumento de capital da operadora brasileira. <em>(Da Reda&ccedil;&atilde;o)<\/em><\/p>\n","protected":false},"excerpt":{"rendered":"<p>Reproduzido do TeleTime News A Telef&ocirc;nica confirmou, em fato relevante publicado na Espanha, um acordo de princ&iacute;pios para adquirir a participa&ccedil;&atilde;o da Portugal Telecom na Vivo. O acordo ser&aacute; submetido ao conselho de administra&ccedil;&atilde;o ao longo desta quarta, 28. O valor foi de 7,5 bilh&otilde;es de euros. Paralelamente ao fato relevante, o peri&oacute;dico portugu&ecirc;s Jornal &hellip; <a href=\"https:\/\/obscom.intervozes.org.br\/?p=24737\" class=\"more-link\">Continue lendo <span class=\"screen-reader-text\">Telef\u00f4nica confirma aquisi\u00e7\u00e3o da Vivo; entrada dos portugueses na Oi foi acertada<\/span> <span class=\"meta-nav\">&rarr;<\/span><\/a><\/p>\n","protected":false},"author":1,"featured_media":0,"comment_status":"open","ping_status":"open","sticky":false,"template":"","format":"standard","meta":{"footnotes":""},"categories":[39],"tags":[],"_links":{"self":[{"href":"https:\/\/obscom.intervozes.org.br\/index.php?rest_route=\/wp\/v2\/posts\/24737"}],"collection":[{"href":"https:\/\/obscom.intervozes.org.br\/index.php?rest_route=\/wp\/v2\/posts"}],"about":[{"href":"https:\/\/obscom.intervozes.org.br\/index.php?rest_route=\/wp\/v2\/types\/post"}],"author":[{"embeddable":true,"href":"https:\/\/obscom.intervozes.org.br\/index.php?rest_route=\/wp\/v2\/users\/1"}],"replies":[{"embeddable":true,"href":"https:\/\/obscom.intervozes.org.br\/index.php?rest_route=%2Fwp%2Fv2%2Fcomments&post=24737"}],"version-history":[{"count":0,"href":"https:\/\/obscom.intervozes.org.br\/index.php?rest_route=\/wp\/v2\/posts\/24737\/revisions"}],"wp:attachment":[{"href":"https:\/\/obscom.intervozes.org.br\/index.php?rest_route=%2Fwp%2Fv2%2Fmedia&parent=24737"}],"wp:term":[{"taxonomy":"category","embeddable":true,"href":"https:\/\/obscom.intervozes.org.br\/index.php?rest_route=%2Fwp%2Fv2%2Fcategories&post=24737"},{"taxonomy":"post_tag","embeddable":true,"href":"https:\/\/obscom.intervozes.org.br\/index.php?rest_route=%2Fwp%2Fv2%2Ftags&post=24737"}],"curies":[{"name":"wp","href":"https:\/\/api.w.org\/{rel}","templated":true}]}}